{"id":10509,"date":"2025-09-24T23:08:52","date_gmt":"2025-09-24T21:08:52","guid":{"rendered":"https:\/\/www.severka.online\/?p=10509"},"modified":"2025-10-24T23:44:59","modified_gmt":"2025-10-24T21:44:59","slug":"posledne-letne-stretnutie-tramp-clubu-bratislava-2","status":"publish","type":"post","link":"https:\/\/www.severka.online\/index.php\/2025\/09\/24\/posledne-letne-stretnutie-tramp-clubu-bratislava-2\/","title":{"rendered":"Posledn\u00e9 letn\u00e9 stretnutie Tramp clubu Bratislava"},"content":{"rendered":"<p><strong>na Slamenej b\u00fade sa konalo 26. 8. 2025.<\/strong><\/p>\n<p><img loading=\"lazy\" decoding=\"async\" class=\"size-medium wp-image-10511 alignleft\" src=\"https:\/\/www.severka.online\/wp-content\/uploads\/2025\/10\/00_tcb202508_-144x200.jpg\" alt=\"\" width=\"144\" height=\"200\" srcset=\"https:\/\/www.severka.online\/wp-content\/uploads\/2025\/10\/00_tcb202508_-144x200.jpg 144w, https:\/\/www.severka.online\/wp-content\/uploads\/2025\/10\/00_tcb202508_-108x150.jpg 108w, https:\/\/www.severka.online\/wp-content\/uploads\/2025\/10\/00_tcb202508_-150x208.jpg 150w, https:\/\/www.severka.online\/wp-content\/uploads\/2025\/10\/00_tcb202508_.jpg 520w\" sizes=\"auto, (max-width: 144px) 100vw, 144px\" \/>\u0160erif D\u017eipo priv\u00edtal pr\u00edtomn\u00fdch a\u00a0pre\u0161iel hne\u010f k mil\u00fdm povinnostiam. Z moravsk\u00e9ho Uhersk\u00e9ho Hradi\u0161t\u011b n\u00e1s pri\u0161li\u00a0nav\u0161t\u00edvi\u0165 kamar\u00e1ti z T.O.\u010cern\u00e1 \u0159eka &#8211; <em>Bufi<\/em> s man\u017eelkou <em>Blankou <\/em>a\u00a0<em>T\u00e1cek<\/em>. Po dlhej dobe na Slamku zav\u00edtali\u00a0aj kamar\u00e1ti Lacko &#8211; <em>K\u00f6nig<\/em> a\u00a0<em>Tibor.<\/em><\/p>\n<p>\u017dia\u013e, smutn\u00e9 udalosti boli aj v tomto mesiaci &#8211; na rozl\u00fa\u010dku sme zahrali a zaspievali <em>Bocimu, Pi\u0161t\u00edkovi, Jessiemu<\/em> a\u00a0<em>Diovi <\/em>z Modry, ktor\u00e9mu sme podp\u00edsali kondolen\u010dn\u00fa poh\u013eadnicu ako vyjadrenie s\u00fastrasti a spomienky na zosnul\u00e9ho kamar\u00e1ta. Na zosnul\u00fdch sme zaspom\u00ednali aj v Trampskom spravodaji.<\/p>\n<p>Osl\u00e1venci boli dvaja <em>&#8211; Pedrovi\u00a0Ka\u010d\u00ed\u0148\u00e1kovi<\/em> (88) sme zapriali s b\u00e1bovkou a pesni\u010dkou, ktor\u00fa si \u017eelal, aj si zahral. Druh\u00fd osl\u00e1venec <em>Pivec<\/em> (91) ch\u00fdbal. Ale ur\u010dite mu nebude vadi\u0165, \u017ee jeho b\u00e1bovku sme pon\u00fakli hos\u0165om z Moravy a t\u00ed sa samozrejme podelili.<\/p>\n<p>Gitaristi &#8211; Bufi a Gomb\u00edk s Hasi\u010dom z T.O. Eldor\u00e1do D\u00fabravka si spolu zahrali, hrali aj \u010fal\u0161\u00ed a muzikantsk\u00fd st\u00f4l bol pln\u00fd \u010fal\u0161\u00edch git\u00e1r, aj nieko\u013eko mandol\u00edn, basa a harmonika.<\/p>\n<p>V\u010faka pekn\u00e9mu &#8211; e\u0161te letn\u00e9mu po\u010dasiu na slezinu na Slamku Tramp clubu n\u00e1s pri\u0161lo ve\u013ea.<br \/>\nZav\u00edtali aj sestry vo febru\u00e1ri zosnul\u00e9ho <a href=\"https:\/\/www.severka.online\/index.php\/events\/mesac-pavol-zvalo\/\" target=\"_blank\" rel=\"noopener\"><em>Mes\u00e1ca<\/em> z\u00a0T.O. Rivada<\/a> (1936-2025). Jeho pietnu tabu\u013eku u\u017e pripevnili jaskyniari na skalu &#8211; <a href=\"https:\/\/www.severka.online\/wp-content\/uploads\/2025\/10\/symbolicky_cintorin_.jpg\">Trampsk\u00fd symbolick\u00fd cintor\u00edn na Ko\u0161arisku<\/a>.\u00a0Tabu\u013eku venoval Tramp club, pripevnenie vybavil <em>Tom\u00e1\u0161<\/em> z T.O. Hay river. Jemu aj chlapcom jaskyniarom \u010fakujeme v mene spomienky na dobr\u00e9ho kamar\u00e1ta. Mes\u00e1c bol u\u017e posledn\u00fd z partie bratislavsk\u00fdch trampov \u0160aman-My\u0161ina (T.O. Manila zal. 1947) a Kid (T.O. Yukon zal. 1950). Ako mlad\u00ed chlapci v polovici 20. storo\u010dia zakladali osady v Mal\u00fdch Karpatoch nad Bratislavou. Kamar\u00e1tom a trampingu zostali vern\u00ed dlh\u00e9 desa\u0165ro\u010dia &#8211; a\u017e k\u00fdm ich nerozdelil odchod na ve\u010dn\u00fd vander.<\/p>\n<p>Mnoh\u00ed z pr\u00edtomn\u00fdch sa chystali na v\u00fdznamn\u00e9 <a href=\"https:\/\/www.severka.online\/index.php\/2025\/09\/24\/t-o-askalona-80-rocna\/\" target=\"_blank\" rel=\"noopener\">80. v\u00fdro\u010die zalo\u017eenia T.O. Askalona<\/a>, tak sa dohov\u00e1rali, ako a kedy na potlach p\u00f4jdu.<\/p>\n<p>\u0160\u00e9f Robo dal op\u00e4\u0165 pripravi\u0165 v\u00fdborn\u00e9 chleb\u00ed\u010dky ako pozornos\u0165 podniku pre pr\u00edtomn\u00fdch.<\/p>\n<p>Na redak\u010dnom stole bol nov\u00fd &#8211; <a href=\"https:\/\/www.severka.online\/wp-content\/uploads\/2025\/10\/00_tcb202508_.jpg\">augustov\u00fd Trampsk\u00fd spravodaj<\/a>. Tentokr\u00e1t na titulnej strane bola Ke\u017emarsk\u00e1 Biela voda vo Vysok\u00fdch Tatr\u00e1ch.<\/p>\n<div id=\"maxgallery-10526\" class=\"mg-image-tiles borderless\">\t<div class=\"mg-thumbs mg-fivecol\">\t\t<ul><li>\t<a  href='https:\/\/www.severka.online\/wp-content\/uploads\/2025\/10\/01_tcb202508_.jpg' target='' rel='mg-rel-image-thumbs' title=''>\t\t<div class=\"\"><img class=\"mg_lazy\" data-src=\"https:\/\/www.severka.online\/wp-content\/uploads\/2025\/10\/01_tcb202508_-200x200.jpg\" width=\"200\" height=\"200\" alt=\"\" title=\"vpravo Blanka a T&aacute;cek (T.O. &#268;ern&aacute; &#345;eka))\" \/><noscript><img loading=\"lazy\" decoding=\"async\" src=\"https:\/\/www.severka.online\/wp-content\/uploads\/2025\/10\/01_tcb202508_-200x200.jpg\" width=\"200\" height=\"200\" alt=\"\" \/><\/noscript>\t\t<\/div>\t<\/a><\/li><li>\t<a  href='https:\/\/www.severka.online\/wp-content\/uploads\/2025\/10\/02_tcb202508_.jpg' target='' rel='mg-rel-image-thumbs' title=''>\t\t<div class=\"\"><img class=\"mg_lazy\" data-src=\"https:\/\/www.severka.online\/wp-content\/uploads\/2025\/10\/02_tcb202508_-200x200.jpg\" width=\"200\" height=\"200\" alt=\"\" title=\"sprava Bufi, Gomb&iacute;k, Hasi&#269;\" \/><noscript><img loading=\"lazy\" decoding=\"async\" src=\"https:\/\/www.severka.online\/wp-content\/uploads\/2025\/10\/02_tcb202508_-200x200.jpg\" width=\"200\" height=\"200\" alt=\"\" \/><\/noscript>\t\t<\/div>\t<\/a><\/li><li>\t<a  href='https:\/\/www.severka.online\/wp-content\/uploads\/2025\/10\/03_tcb202508_.jpg' target='' rel='mg-rel-image-thumbs' title=''>\t\t<div class=\"\"><img class=\"mg_lazy\" data-src=\"https:\/\/www.severka.online\/wp-content\/uploads\/2025\/10\/03_tcb202508_-200x200.jpg\" width=\"200\" height=\"200\" alt=\"\" title=\"Pedro Ka&#269;&iacute;&#328;&aacute;k - b&aacute;bovka od B&aacute;bovky\" \/><noscript><img loading=\"lazy\" decoding=\"async\" src=\"https:\/\/www.severka.online\/wp-content\/uploads\/2025\/10\/03_tcb202508_-200x200.jpg\" width=\"200\" height=\"200\" alt=\"\" \/><\/noscript>\t\t<\/div>\t<\/a><\/li><li>\t<a  href='https:\/\/www.severka.online\/wp-content\/uploads\/2025\/10\/04_tcb202508_.jpg' target='' rel='mg-rel-image-thumbs' title=''>\t\t<div class=\"\"><img class=\"mg_lazy\" data-src=\"https:\/\/www.severka.online\/wp-content\/uploads\/2025\/10\/04_tcb202508_-200x200.jpg\" width=\"200\" height=\"200\" alt=\"\" title=\"z&#318;ava Tatanka, Zuzka, Anka, Kiddovka, Dugo\" \/><noscript><img loading=\"lazy\" decoding=\"async\" src=\"https:\/\/www.severka.online\/wp-content\/uploads\/2025\/10\/04_tcb202508_-200x200.jpg\" width=\"200\" height=\"200\" alt=\"\" \/><\/noscript>\t\t<\/div>\t<\/a><\/li><li>\t<a  href='https:\/\/www.severka.online\/wp-content\/uploads\/2025\/10\/05_tcb202508_.jpg' target='' rel='mg-rel-image-thumbs' title=''>\t\t<div class=\"\"><img class=\"mg_lazy\" data-src=\"https:\/\/www.severka.online\/wp-content\/uploads\/2025\/10\/05_tcb202508_-200x200.jpg\" width=\"200\" height=\"200\" alt=\"\" title=\"muzikanti\" \/><noscript><img loading=\"lazy\" decoding=\"async\" src=\"https:\/\/www.severka.online\/wp-content\/uploads\/2025\/10\/05_tcb202508_-200x200.jpg\" width=\"200\" height=\"200\" alt=\"\" \/><\/noscript>\t\t<\/div>\t<\/a><\/li><li>\t<a  href='https:\/\/www.severka.online\/wp-content\/uploads\/2025\/10\/06_tcb202508_.jpg' target='' rel='mg-rel-image-thumbs' title=''>\t\t<div class=\"\"><img class=\"mg_lazy\" data-src=\"https:\/\/www.severka.online\/wp-content\/uploads\/2025\/10\/06_tcb202508_-200x200.jpg\" width=\"200\" height=\"200\" alt=\"\" title=\"z&#318;ava Pablo a Donald (T.O. Hay river) a Joker (Dlh&eacute; no&#382;e Engerau)\" \/><noscript><img loading=\"lazy\" decoding=\"async\" src=\"https:\/\/www.severka.online\/wp-content\/uploads\/2025\/10\/06_tcb202508_-200x200.jpg\" width=\"200\" height=\"200\" alt=\"\" \/><\/noscript>\t\t<\/div>\t<\/a><\/li><li>\t<a  href='https:\/\/www.severka.online\/wp-content\/uploads\/2025\/10\/07_tcb202508_.jpg' target='' rel='mg-rel-image-thumbs' title=''>\t\t<div class=\"\"><img class=\"mg_lazy\" data-src=\"https:\/\/www.severka.online\/wp-content\/uploads\/2025\/10\/07_tcb202508_-200x200.jpg\" width=\"200\" height=\"200\" alt=\"\" title=\"Pelo (T.O. Biely netopier)\" \/><noscript><img loading=\"lazy\" decoding=\"async\" src=\"https:\/\/www.severka.online\/wp-content\/uploads\/2025\/10\/07_tcb202508_-200x200.jpg\" width=\"200\" height=\"200\" alt=\"\" \/><\/noscript>\t\t<\/div>\t<\/a><\/li><li>\t<a  href='https:\/\/www.severka.online\/wp-content\/uploads\/2025\/10\/08_tcb202508_.jpg' target='' rel='mg-rel-image-thumbs' title=''>\t\t<div class=\"\"><img class=\"mg_lazy\" data-src=\"https:\/\/www.severka.online\/wp-content\/uploads\/2025\/10\/08_tcb202508_-200x200.jpg\" width=\"200\" height=\"200\" alt=\"\" title=\"K&#337;nig, Tibor, Andy B&aacute;bovka\" \/><noscript><img loading=\"lazy\" decoding=\"async\" src=\"https:\/\/www.severka.online\/wp-content\/uploads\/2025\/10\/08_tcb202508_-200x200.jpg\" width=\"200\" height=\"200\" alt=\"\" \/><\/noscript>\t\t<\/div>\t<\/a><\/li><li>\t<a  href='https:\/\/www.severka.online\/wp-content\/uploads\/2025\/10\/09_tcb202508_.jpg' target='' rel='mg-rel-image-thumbs' title=''>\t\t<div class=\"\"><img class=\"mg_lazy\" data-src=\"https:\/\/www.severka.online\/wp-content\/uploads\/2025\/10\/09_tcb202508_-200x200.jpg\" width=\"200\" height=\"200\" alt=\"\" title=\"redak&#269;n&yacute; st&ocirc;l, Kaktus a B&aacute;bovka\" \/><noscript><img loading=\"lazy\" decoding=\"async\" src=\"https:\/\/www.severka.online\/wp-content\/uploads\/2025\/10\/09_tcb202508_-200x200.jpg\" width=\"200\" height=\"200\" alt=\"\" \/><\/noscript>\t\t<\/div>\t<\/a><\/li><li>\t<a  href='https:\/\/www.severka.online\/wp-content\/uploads\/2025\/10\/10_tcb202508_.jpg' target='' rel='mg-rel-image-thumbs' title=''>\t\t<div class=\"\"><img class=\"mg_lazy\" data-src=\"https:\/\/www.severka.online\/wp-content\/uploads\/2025\/10\/10_tcb202508_-200x200.jpg\" width=\"200\" height=\"200\" alt=\"\" title=\"gitary - Felina a Charlie, basa - Ivan\" \/><noscript><img loading=\"lazy\" decoding=\"async\" src=\"https:\/\/www.severka.online\/wp-content\/uploads\/2025\/10\/10_tcb202508_-200x200.jpg\" width=\"200\" height=\"200\" alt=\"\" \/><\/noscript>\t\t<\/div>\t<\/a><\/li><li>\t<a  href='https:\/\/www.severka.online\/wp-content\/uploads\/2025\/10\/11_tcb202508_.jpg' target='' rel='mg-rel-image-thumbs' title=''>\t\t<div class=\"\"><img class=\"mg_lazy\" data-src=\"https:\/\/www.severka.online\/wp-content\/uploads\/2025\/10\/11_tcb202508_-200x200.jpg\" width=\"200\" height=\"200\" alt=\"\" title=\"mandol&iacute;na - Pubo (T.O. Eldorado 1945)\" \/><noscript><img loading=\"lazy\" decoding=\"async\" src=\"https:\/\/www.severka.online\/wp-content\/uploads\/2025\/10\/11_tcb202508_-200x200.jpg\" width=\"200\" height=\"200\" alt=\"\" \/><\/noscript>\t\t<\/div>\t<\/a><\/li>\t\t<\/ul>\t\t<div class=\"clear\"><\/div>\t<\/div>\t<span style=\"display: none;\" class=\"hidden-image-tiles-gallery-id\">10526<\/span>\t<span style=\"display: none;\" class=\"hidden-lightbox-skin\">none<\/span>\t<span style=\"display: none;\" class=\"hidden-lightbox-effect\">none<\/span>\t<span style=\"display: none;\" class=\"hidden-lightbox-kb-nav\">true<\/span>\t<span style=\"display: none;\" class=\"hidden-lightbox-img-click-close\">true<\/span>\t<span style=\"display: none;\" class=\"hidden-lightbox-ol-click-close\">true<\/span>\t<span style=\"display: none;\" class=\"hidden-lightbox-close-tip-text\">Close<\/span>\t<span style=\"display: none;\" class=\"hidden-lightbox-next-tip-text\">Next<\/span>\t<span style=\"display: none;\" class=\"hidden-lightbox-prev-tip-text\">Previous<\/span>\t<span style=\"display: none;\" class=\"hidden-lightbox-error-tip-text\">The requested content cannot be loaded. Please try again later.<\/span><\/div><script>\ndocument.addEventListener(\"DOMContentLoaded\", function(event) { \njQuery(\"img.mg_lazy\").lazyload({threshold : 1});\n});\n<\/script>\n\n<p>nap\u00edsala: <strong><em>Andy B\u00e1bovka<br \/>\n<\/em><\/strong> foto: <strong><em>D\u017eipo, Tatanka<\/em><\/strong><\/p>\n","protected":false},"excerpt":{"rendered":"<p>na Slamenej b\u00fade sa konalo 26. 8. 2025. \u0160erif D\u017eipo priv\u00edtal pr\u00edtomn\u00fdch a\u00a0pre\u0161iel hne\u010f k mil\u00fdm povinnostiam. Z moravsk\u00e9ho Uhersk\u00e9ho Hradi\u0161t\u011b n\u00e1s pri\u0161li\u00a0nav\u0161t\u00edvi\u0165 kamar\u00e1ti z T.O.\u010cern\u00e1 \u0159eka &#8211; Bufi s man\u017eelkou Blankou a\u00a0T\u00e1cek. Po dlhej dobe na Slamku zav\u00edtali\u00a0aj kamar\u00e1ti Lacko &#8211; K\u00f6nig a\u00a0Tibor. \u017dia\u013e, smutn\u00e9 udalosti boli aj v tomto mesiaci &#8211; na rozl\u00fa\u010dku sme zahrali a zaspievali Bocimu, Pi\u0161t\u00edkovi, Jessiemu a\u00a0Diovi z Modry, ktor\u00e9mu sme podp\u00edsali kondolen\u010dn\u00fa poh\u013eadnicu ako vyjadrenie s\u00fastrasti a spomienky na zosnul\u00e9ho kamar\u00e1ta. Na zosnul\u00fdch sme zaspom\u00ednali aj v Trampskom spravodaji. Osl\u00e1venci boli dvaja &#8211; Pedrovi\u00a0Ka\u010d\u00ed\u0148\u00e1kovi (88) sme zapriali s b\u00e1bovkou a pesni\u010dkou, ktor\u00fa si&#8230;<\/p>\n<p> <a class=\"continue-reading-link\" href=\"https:\/\/www.severka.online\/index.php\/2025\/09\/24\/posledne-letne-stretnutie-tramp-clubu-bratislava-2\/\"><span>Pokra\u010dovanie \u010dl\u00e1nku<\/span><i class=\"crycon-right-dir\"><\/i><\/a> <\/p>\n","protected":false},"author":1,"featured_media":10511,"comment_status":"closed","ping_status":"closed","sticky":false,"template":"","format":"standard","meta":{"footnotes":""},"categories":[2],"tags":[36],"class_list":["post-10509","post","type-post","status-publish","format-standard","has-post-thumbnail","hentry","category-akcie","tag-trampclub"],"_links":{"self":[{"href":"https:\/\/www.severka.online\/index.php\/wp-json\/wp\/v2\/posts\/10509","targetHints":{"allow":["GET"]}}],"collection":[{"href":"https:\/\/www.severka.online\/index.php\/wp-json\/wp\/v2\/posts"}],"about":[{"href":"https:\/\/www.severka.online\/index.php\/wp-json\/wp\/v2\/types\/post"}],"author":[{"embeddable":true,"href":"https:\/\/www.severka.online\/index.php\/wp-json\/wp\/v2\/users\/1"}],"replies":[{"embeddable":true,"href":"https:\/\/www.severka.online\/index.php\/wp-json\/wp\/v2\/comments?post=10509"}],"version-history":[{"count":4,"href":"https:\/\/www.severka.online\/index.php\/wp-json\/wp\/v2\/posts\/10509\/revisions"}],"predecessor-version":[{"id":10527,"href":"https:\/\/www.severka.online\/index.php\/wp-json\/wp\/v2\/posts\/10509\/revisions\/10527"}],"wp:featuredmedia":[{"embeddable":true,"href":"https:\/\/www.severka.online\/index.php\/wp-json\/wp\/v2\/media\/10511"}],"wp:attachment":[{"href":"https:\/\/www.severka.online\/index.php\/wp-json\/wp\/v2\/media?parent=10509"}],"wp:term":[{"taxonomy":"category","embeddable":true,"href":"https:\/\/www.severka.online\/index.php\/wp-json\/wp\/v2\/categories?post=10509"},{"taxonomy":"post_tag","embeddable":true,"href":"https:\/\/www.severka.online\/index.php\/wp-json\/wp\/v2\/tags?post=10509"}],"curies":[{"name":"wp","href":"https:\/\/api.w.org\/{rel}","templated":true}]}}