{"id":3320,"date":"2019-06-02T10:30:54","date_gmt":"2019-06-02T08:30:54","guid":{"rendered":"http:\/\/www.severka.online\/?p=3320"},"modified":"2020-04-08T16:18:51","modified_gmt":"2020-04-08T14:18:51","slug":"44-festival-trampskych-pisni","status":"publish","type":"post","link":"https:\/\/www.severka.online\/index.php\/2019\/06\/02\/44-festival-trampskych-pisni\/","title":{"rendered":"44. Festival trampsk\u00fdch p\u00edsn\u00ed"},"content":{"rendered":"<p><strong>44. Festival trampsk\u00fdch p\u00edsn\u00ed v Horn\u00edm Jelen\u00ed se konal tradi\u010dn\u011b v posledn\u00edm kv\u011btnov\u00e9m v\u00edkendu na louce mezi RZ Radost a Norou. Znovu se potvrdilo, \u017ee um\u00edst\u011bn\u00ed festivalu pod stan na louku festivalov\u00e9mu d\u011bn\u00ed prosp\u011blo. Festival z\u00edskal skute\u010dn\u011b trampskou tv\u00e1\u0159 a soukrom\u00ed, kter\u00e9 prosp\u00edv\u00e1 jak n\u00e1v\u0161t\u011bvn\u00edk\u016fm, tak obyvatel\u016fm Horn\u00edho Jelen\u00ed.<\/strong><\/p>\n<p>V tomto roce n\u00e1s leccos p\u0159ekvapilo. V prvn\u00ed \u0159ad\u011b po\u010das\u00ed, kter\u00e9 po \u0159ad\u011b dn\u016f pln\u00fdch de\u0161t\u011b a chladna vykouzlilo azurovou oblohu a teploty kolem dvac\u00edtky. I to p\u0159isp\u011blo k tomu, \u017ee festival nav\u0161t\u00edvilo 232 plat\u00edc\u00edch div\u00e1k\u016f a zaznamenali jsme dal\u0161\u00edch 222 \u00fa\u010dastn\u00edk\u016f z \u0159ad po\u0159adatel\u016f, z\u00fa\u010dastn\u011bn\u00fdch kapel a host\u016f festivalu. To znamen\u00e1, \u017ee se v Horn\u00edm Jelen\u00ed letos se\u0161lo v\u00edce jak 450 poslucha\u010d\u016f a obdivovatel\u016f tohoto \u017e\u00e1nru. Znamen\u00e1 to, \u017ee po\u010det n\u00e1v\u0161t\u011bvn\u00edk\u016f m\u00e1 soustavn\u011b stoupaj\u00edc\u00ed tendenci a to n\u00e1m d\u011bl\u00e1 radost.<\/p>\n<p>V p\u00e1tek ve\u010der vzpl\u00e1l slavnostn\u00ed ohe\u0148, kter\u00fd ji\u017e 44 let spolu s vlajkou stoupaj\u00edc\u00ed na sto\u017e\u00e1r zahajuje cel\u00fd festivalov\u00fd v\u00edkend. \u00davodn\u00ed slovo pronesl Plav\u010d\u00edk, &#8222;kapit\u00e1n&#8220; cel\u00e9ho festivalu, a p\u0159edal mikrofon Ren\u00e9 Rackovi Matl\u00e1\u0161kovi, kter\u00e9ho zn\u00e1me jako kapeln\u00edka ostravsk\u00e9 skupiny MAROD. Ten provedl \u00fa\u010dastn\u00edky slavnostn\u00edho ve\u010dera s vtipem a gr\u00e1ci\u00ed. U ohn\u011b vystoupilo n\u011bkolik kapel, kter\u00e9 se pak v sobotu \u00fa\u010dastnily sout\u011b\u017en\u00edho kl\u00e1n\u00ed, a tak\u00e9 dal\u0161\u00ed host\u00e9.<\/p>\n<p>Sobotn\u00ed r\u00e1no p\u0159iv\u00edtalo \u00fa\u010dastn\u00edky sluncem a modrou oblohou. Probuzen\u00ed nepot\u011b\u0161ilo n\u011bkolik stanuj\u00edc\u00edch \u00fa\u010dastn\u00edk\u016f, kte\u0159\u00ed zaznamenali nev\u00edtanou n\u00e1v\u0161t\u011bvu ve stanech. Sna\u017e\u00edme se podobn\u00fdm incident\u016fm zabr\u00e1nit, upozor\u0148ujeme, varujeme, bohu\u017eel k t\u011bmto nemil\u00fdm ud\u00e1lostem na shrom\u00e1\u017ed\u011bn\u00edch s takov\u00fdm po\u010dtem \u00fa\u010dastn\u00edk\u016f doch\u00e1z\u00ed. Mrz\u00ed n\u00e1s to, ale na\u0161t\u011bst\u00ed to byl jedin\u00fd negativn\u00ed jev tohoto festivalu.<\/p>\n<p>P\u0159ihl\u00e1\u0161en\u00fdch 13 kapel n\u00e1s tak\u00e9 pot\u011b\u0161ilo jak po\u010dtem, tak jejich vyrovnanou \u00farovn\u00ed. Do ve\u010dern\u00edho fin\u00e1le postoupilo 9 nejlep\u0161\u00edch a jejich kone\u010dn\u00e9 po\u0159ad\u00ed bylo dal\u0161\u00edm p\u0159ekvapen\u00edm festivalu.<\/p>\n<p>Jako <strong>prvn\u00ed se um\u00edstili GRAJCIAR z Bratislavy a na dal\u0161\u00edch m\u00edstech CAMNA z Litom\u011b\u0159ic, T.H.S. BRZDA\u0158I z Olomouce<\/strong>, OTISK z Nov\u00e9ho Rychnova, CHRPA z Chrudimi, STA\u0158\u00cd PRDI z Brna, T-QUARTET z Pardubic, CO D\u016eM DAL z Chocn\u011b a HUDLA\u0158I z Brna. Historicky poprv\u00e9, jako zahrani\u010dn\u00ed \u00fa\u010dastn\u00edk, dostala v\u00fdborn\u00e1 kapela Grajciar i Cenu div\u00e1ka. Poslucha\u010di ocenili vok\u00e1ly a u \u010desky zp\u00edvan\u00fdch p\u00edsn\u00ed brilantn\u00ed \u010de\u0161tinu. A do t\u0159etice si Grajciar zaslou\u017een\u011b p\u0159evzal i ocen\u011bn\u00ed za nejl\u00e9pe zahranou p\u00edse\u0148 do roku 1950. Druz\u00ed, litom\u011b\u0159i\u010dt\u00ed Camna, se chlub\u00ed cenou za v\u00fdkon kytaristy Jirky Ch\u00e1bery a brn\u011bn\u0161t\u00ed Sta\u0159\u00ed Prdi si odn\u00e1\u0161\u00ed ocen\u011bn\u00ed za nejlep\u0161\u00edho zp\u011bv\u00e1ka &#8211; t\u00edm byl letos Ji\u0159\u00ed P\u00ed\u010fa L\u00e1tal.<\/p>\n<p>Hlavn\u00edm hostem festivalu byla letos kapela B.P.T. ze Zl\u00edna, lo\u0148sk\u00fd v\u00edt\u011bz. Jej\u00ed dva \u010dlenov\u00e9 zasedli v odborn\u00e9 porot\u011b, kter\u00e9 p\u0159edsedal Bed\u0159ich \u0160edifka R\u00f6hrich, kter\u00fd tak\u00e9 jako host ozdobil festivalov\u00e9 p\u00f3dium a p\u0159i z\u00e1v\u011bre\u010dn\u00e9m vyhl\u00e1\u0161en\u00ed si op\u011bt letos odv\u00e1\u017eel ocen\u011bn\u00ed pro nejstar\u0161\u00edho \u00fa\u010dastn\u00edka festivalu. Jako dal\u0161\u00ed host vystoupil Tul\u00e1k Charlie, tak\u00e9 n\u00e1\u0161 tradi\u010dn\u00ed \u00fa\u010dastn\u00edk. V\u0161ichni host\u00e9 sklidili, stejn\u011b jako sout\u011b\u017e\u00edc\u00ed, bou\u0159liv\u00fd potlesk a UM\u00cd.<\/p>\n<p>Sout\u011b\u017en\u00ed maraton uv\u00e1d\u011bl Martin Drn N\u00fddr, kter\u00fd pat\u0159\u00ed mezi tradi\u010dn\u00ed jistoty festivalov\u00e9ho d\u011bn\u00ed a sv\u00fdm klidem pom\u00e1h\u00e1 k udr\u017een\u00ed n\u00e1lady i po\u0159\u00e1dku v pr\u016fb\u011bhu cel\u00e9ho dne. Kdy\u017e mluv\u00edme o festivalu, mus\u00edme t\u00e9\u017e zm\u00ednit skv\u011bl\u00fd v\u00fdkon tak\u00e9 ji\u017e tradi\u010dn\u00edho zvuka\u0159e Luk\u00e1\u0161e \u00c1\u0161ka Faltuse, kter\u00e9ho si pochvaluj\u00ed v\u0161echny kapely.<\/p>\n<p>V sobotu ocenili \u00fa\u010dastn\u00edci i tradi\u010dn\u00ed dopl\u0148kov\u00e9 programy festivalu.<\/p>\n<p>Mobiln\u00ed trampsk\u00e9 muzeum, krom\u011b rozs\u00e1hl\u00e9 expozice, kterou pravideln\u00ed n\u00e1v\u0161t\u011bvn\u00edci znaj\u00ed, p\u0159edstavilo i novinky a v p\u0159est\u00e1vce mezi prvn\u00edm a druh\u00fdm sout\u011b\u017en\u00edm p\u0159edkolem slavnostn\u011b odhalilo nov\u00e9 panely osad T. O. Medv\u011bdi a T. O. Mimo z\u00e1kon. Ji\u0159\u00ed Fred Jedli\u010dka ofici\u00e1ln\u011b pozval \u00fa\u010dastn\u00edky festivalu na 4. Muzejn\u00ed potlach, kter\u00fd se kon\u00e1 od 4. do 6. \u0159\u00edjna leto\u0161n\u00edho roku.<\/p>\n<p>Trampsk\u00e9 archivy letos nav\u0161t\u00edvily festival v pln\u00e9m po\u010dtu v\u0161ech spolupracovn\u00edk\u016f.<\/p>\n<p>V lo\u0148sk\u00e9m roce jsme poprv\u00e9 p\u0159edstavili nejmen\u0161\u00edm \u00fa\u010dastn\u00edk\u016fm d\u011btsk\u00fd koutek, kter\u00fd letos doplnila dal\u0161\u00ed atrakce pro d\u011bti, kter\u00fdch se v z\u00e1zem\u00ed festivalu batol\u00ed \u010d\u00edm d\u00e1l v\u00edc, kr\u00e1sn\u00ed kon\u011b, na kter\u00fdch se mal\u00ed desper\u00e1ti mohli sv\u00e9zt. Leto\u0161n\u00ed nejmlad\u0161\u00ed \u00fa\u010dastn\u00edk byl 8 m\u011bs\u00ed\u010dn\u00ed tramp\u00edk z Hradce Kr\u00e1lov\u00e9. T\u011b\u0161\u00ed n\u00e1s \u00fa\u010dast mlad\u00fdch na festivalu. Potvrzuje to na\u0161e p\u0159esv\u011bd\u010den\u00ed, \u017ee tramping a trampsk\u00e1 p\u00edse\u0148 \u017eij\u00ed a maj\u00ed co \u0159\u00edct dal\u0161\u00edm generac\u00edm.<\/p>\n<p style=\"text-align: right;\"><em><strong>text: Zdena<br \/>\n<\/strong><\/em><strong><em>foto: Tom\u00e1\u0161 Hodr<\/em><\/strong><\/p>\n<div id=\"maxgallery-3308\" class=\"mg-image-tiles borderless\">\t<div class=\"mg-thumbs mg-fivecol\">\t\t<ul><li>\t<a  href='https:\/\/www.severka.online\/wp-content\/uploads\/2019\/05_jeleni\/03_jeleni_img_9058s.jpg' target='' rel='mg-rel-image-thumbs' title=''>\t\t<div class=\"\"><img loading=\"lazy\" decoding=\"async\" class=\"\" src=\"https:\/\/www.severka.online\/wp-content\/uploads\/2019\/05_jeleni\/03_jeleni_img_9058s-200x200.jpg\" width=\"200\" height=\"200\" alt=\"\" title=\"\" \/>\t\t<\/div>\t<\/a><\/li><li>\t<a  href='https:\/\/www.severka.online\/wp-content\/uploads\/2019\/05_jeleni\/12_jeleni_img_9211s.jpg' target='' rel='mg-rel-image-thumbs' title=''>\t\t<div class=\"\"><img loading=\"lazy\" decoding=\"async\" class=\"\" src=\"https:\/\/www.severka.online\/wp-content\/uploads\/2019\/05_jeleni\/12_jeleni_img_9211s-200x200.jpg\" width=\"200\" height=\"200\" alt=\"\" title=\"\" \/>\t\t<\/div>\t<\/a><\/li><li>\t<a  href='https:\/\/www.severka.online\/wp-content\/uploads\/2019\/05_jeleni\/15_jeleni_img_9276s.jpg' target='' rel='mg-rel-image-thumbs' title=''>\t\t<div class=\"\"><img loading=\"lazy\" decoding=\"async\" class=\"\" src=\"https:\/\/www.severka.online\/wp-content\/uploads\/2019\/05_jeleni\/15_jeleni_img_9276s-200x200.jpg\" width=\"200\" height=\"200\" alt=\"\" title=\"\" \/>\t\t<\/div>\t<\/a><\/li><li>\t<a  href='https:\/\/www.severka.online\/wp-content\/uploads\/2019\/05_jeleni\/19_jeleni_img_9419s.jpg' target='' rel='mg-rel-image-thumbs' title=''>\t\t<div class=\"\"><img loading=\"lazy\" decoding=\"async\" class=\"\" src=\"https:\/\/www.severka.online\/wp-content\/uploads\/2019\/05_jeleni\/19_jeleni_img_9419s-200x200.jpg\" width=\"200\" height=\"200\" alt=\"\" title=\"B.P.T. Zl\u00edn, vla\u0148aj\u0161\u00ed v\u00ed\u0165az, hlavn\u00fd hos\u0165 44. ro\u010dn\u00edka\" \/>\t\t<\/div>\t<\/a><\/li><li>\t<a  href='https:\/\/www.severka.online\/wp-content\/uploads\/2019\/05_jeleni\/17_jeleni_img_9386s.jpg' target='' rel='mg-rel-image-thumbs' title=''>\t\t<div class=\"\"><img loading=\"lazy\" decoding=\"async\" class=\"\" src=\"https:\/\/www.severka.online\/wp-content\/uploads\/2019\/05_jeleni\/17_jeleni_img_9386s-200x200.jpg\" width=\"200\" height=\"200\" alt=\"\" title=\"B\u00e9\u010fa &#138;edifka R&ouml;hrich\" \/>\t\t<\/div>\t<\/a><\/li><li>\t<a  href='https:\/\/www.severka.online\/wp-content\/uploads\/2019\/05_jeleni\/18_jeleni_img_9389s.jpg' target='' rel='mg-rel-image-thumbs' title=''>\t\t<div class=\"\"><img loading=\"lazy\" decoding=\"async\" class=\"\" src=\"https:\/\/www.severka.online\/wp-content\/uploads\/2019\/05_jeleni\/18_jeleni_img_9389s-200x200.jpg\" width=\"200\" height=\"200\" alt=\"\" title=\"B\u00e9\u010fa &#138;edifka R&ouml;hrich po svojom vyst&uacute;pen&iacute; preber&aacute; Cenu pre najstar&#154;ieho \u00fa\u010dastn&iacute;ka festivalu\" \/>\t\t<\/div>\t<\/a><\/li><li>\t<a  href='https:\/\/www.severka.online\/wp-content\/uploads\/2019\/05_jeleni\/14_jeleni_img_9242s.jpg' target='' rel='mg-rel-image-thumbs' title=''>\t\t<div class=\"\"><img loading=\"lazy\" decoding=\"async\" class=\"\" src=\"https:\/\/www.severka.online\/wp-content\/uploads\/2019\/05_jeleni\/14_jeleni_img_9242s-200x200.jpg\" width=\"200\" height=\"200\" alt=\"\" title=\"CHRPA - Pardubice\" \/>\t\t<\/div>\t<\/a><\/li><li>\t<a  href='https:\/\/www.severka.online\/wp-content\/uploads\/2019\/05_jeleni\/10_jeleni_img_9182s.jpg' target='' rel='mg-rel-image-thumbs' title=''>\t\t<div class=\"\"><img loading=\"lazy\" decoding=\"async\" class=\"\" src=\"https:\/\/www.severka.online\/wp-content\/uploads\/2019\/05_jeleni\/10_jeleni_img_9182s-200x200.jpg\" width=\"200\" height=\"200\" alt=\"\" title=\"CO D\u016eM DAL - Choce\u0148\" \/>\t\t<\/div>\t<\/a><\/li><li>\t<a  href='https:\/\/www.severka.online\/wp-content\/uploads\/2019\/05_jeleni\/13_jeleni_img_9241s.jpg' target='' rel='mg-rel-image-thumbs' title=''>\t\t<div class=\"\"><img loading=\"lazy\" decoding=\"async\" class=\"\" src=\"https:\/\/www.severka.online\/wp-content\/uploads\/2019\/05_jeleni\/13_jeleni_img_9241s-200x200.jpg\" width=\"200\" height=\"200\" alt=\"\" title=\"COUNTRY COLAPS - Pardubice\" \/>\t\t<\/div>\t<\/a><\/li><li>\t<a  href='https:\/\/www.severka.online\/wp-content\/uploads\/2019\/05_jeleni\/01_jeleni_img_8894s.jpg' target='' rel='mg-rel-image-thumbs' title=''>\t\t<div class=\"\"><img loading=\"lazy\" decoding=\"async\" class=\"\" src=\"https:\/\/www.severka.online\/wp-content\/uploads\/2019\/05_jeleni\/01_jeleni_img_8894s-200x200.jpg\" width=\"200\" height=\"200\" alt=\"\" title=\"festivalov\u00fd ohe\u0148\" \/>\t\t<\/div>\t<\/a><\/li><li>\t<a  href='https:\/\/www.severka.online\/wp-content\/uploads\/2019\/05_jeleni\/16_jeleni_img_9307s.jpg' target='' rel='mg-rel-image-thumbs' title=''>\t\t<div class=\"\"><img loading=\"lazy\" decoding=\"async\" class=\"\" src=\"https:\/\/www.severka.online\/wp-content\/uploads\/2019\/05_jeleni\/16_jeleni_img_9307s-200x200.jpg\" width=\"200\" height=\"200\" alt=\"\" title=\"GRAJCIAR - Bratislava\" \/>\t\t<\/div>\t<\/a><\/li><li>\t<a  href='https:\/\/www.severka.online\/wp-content\/uploads\/2019\/05_jeleni\/09_jeleni_img_9164s.jpg' target='' rel='mg-rel-image-thumbs' title=''>\t\t<div class=\"\"><img loading=\"lazy\" decoding=\"async\" class=\"\" src=\"https:\/\/www.severka.online\/wp-content\/uploads\/2019\/05_jeleni\/09_jeleni_img_9164s-200x200.jpg\" width=\"200\" height=\"200\" alt=\"\" title=\"HUDLA\u0158I - Brno\" \/>\t\t<\/div>\t<\/a><\/li><li>\t<a  href='https:\/\/www.severka.online\/wp-content\/uploads\/2019\/05_jeleni\/02_jeleni_img_8996s.jpg' target='' rel='mg-rel-image-thumbs' title=''>\t\t<div class=\"\"><img loading=\"lazy\" decoding=\"async\" class=\"\" src=\"https:\/\/www.severka.online\/wp-content\/uploads\/2019\/05_jeleni\/02_jeleni_img_8996s-200x200.jpg\" width=\"200\" height=\"200\" alt=\"\" title=\"OTISK - Nov&yacute; Rychnov\" \/>\t\t<\/div>\t<\/a><\/li><li>\t<a  href='https:\/\/www.severka.online\/wp-content\/uploads\/2019\/05_jeleni\/06_jeleni_img_9105s.jpg' target='' rel='mg-rel-image-thumbs' title=''>\t\t<div class=\"\"><img loading=\"lazy\" decoding=\"async\" class=\"\" src=\"https:\/\/www.severka.online\/wp-content\/uploads\/2019\/05_jeleni\/06_jeleni_img_9105s-200x200.jpg\" width=\"200\" height=\"200\" alt=\"\" title=\"OTISK - Nov&yacute; Rychnov\" \/>\t\t<\/div>\t<\/a><\/li><li>\t<a  href='https:\/\/www.severka.online\/wp-content\/uploads\/2019\/05_jeleni\/04_jeleni_img_9071s.jpg' target='' rel='mg-rel-image-thumbs' title=''>\t\t<div class=\"\"><img loading=\"lazy\" decoding=\"async\" class=\"\" src=\"https:\/\/www.severka.online\/wp-content\/uploads\/2019\/05_jeleni\/04_jeleni_img_9071s-200x200.jpg\" width=\"200\" height=\"200\" alt=\"\" title=\"porota\" \/>\t\t<\/div>\t<\/a><\/li><li>\t<a  href='https:\/\/www.severka.online\/wp-content\/uploads\/2019\/05_jeleni\/05_jeleni_img_9073s.jpg' target='' rel='mg-rel-image-thumbs' title=''>\t\t<div class=\"\"><img loading=\"lazy\" decoding=\"async\" class=\"\" src=\"https:\/\/www.severka.online\/wp-content\/uploads\/2019\/05_jeleni\/05_jeleni_img_9073s-200x200.jpg\" width=\"200\" height=\"200\" alt=\"\" title=\"STA\u0158\u00cd PRDI - Brno\" \/>\t\t<\/div>\t<\/a><\/li><li>\t<a  href='https:\/\/www.severka.online\/wp-content\/uploads\/2019\/05_jeleni\/08_jeleni_img_9152s.jpg' target='' rel='mg-rel-image-thumbs' title=''>\t\t<div class=\"\"><img loading=\"lazy\" decoding=\"async\" class=\"\" src=\"https:\/\/www.severka.online\/wp-content\/uploads\/2019\/05_jeleni\/08_jeleni_img_9152s-200x200.jpg\" width=\"200\" height=\"200\" alt=\"\" title=\"T - QUARTET - Pardubice\" \/>\t\t<\/div>\t<\/a><\/li><li>\t<a  href='https:\/\/www.severka.online\/wp-content\/uploads\/2019\/05_jeleni\/07_jeleni_img_9110s.jpg' target='' rel='mg-rel-image-thumbs' title=''>\t\t<div class=\"\"><img loading=\"lazy\" decoding=\"async\" class=\"\" src=\"https:\/\/www.severka.online\/wp-content\/uploads\/2019\/05_jeleni\/07_jeleni_img_9110s-200x200.jpg\" width=\"200\" height=\"200\" alt=\"\" title=\"T.H.S. BRZDA\u0158I - Olomouc\" \/>\t\t<\/div>\t<\/a><\/li><li>\t<a  href='https:\/\/www.severka.online\/wp-content\/uploads\/2019\/05_jeleni\/11_jeleni_img_9209s.jpg' target='' rel='mg-rel-image-thumbs' title=''>\t\t<div class=\"\"><img loading=\"lazy\" decoding=\"async\" class=\"\" src=\"https:\/\/www.severka.online\/wp-content\/uploads\/2019\/05_jeleni\/11_jeleni_img_9209s-200x200.jpg\" width=\"200\" height=\"200\" alt=\"\" title=\"v expoz&iacute;cii Trampsk&eacute;ho m&uacute;zea\" \/>\t\t<\/div>\t<\/a><\/li>\t\t<\/ul>\t\t<div class=\"clear\"><\/div>\t<\/div>\t<span style=\"display: none;\" class=\"hidden-image-tiles-gallery-id\">3308<\/span>\t<span style=\"display: none;\" class=\"hidden-lightbox-skin\"><\/span>\t<span style=\"display: none;\" class=\"hidden-lightbox-effect\"><\/span>\t<span style=\"display: none;\" class=\"hidden-lightbox-kb-nav\">false<\/span>\t<span style=\"display: none;\" class=\"hidden-lightbox-img-click-close\">false<\/span>\t<span style=\"display: none;\" class=\"hidden-lightbox-ol-click-close\">false<\/span>\t<span style=\"display: none;\" class=\"hidden-lightbox-close-tip-text\"><\/span>\t<span style=\"display: none;\" class=\"hidden-lightbox-next-tip-text\"><\/span>\t<span style=\"display: none;\" class=\"hidden-lightbox-prev-tip-text\"><\/span>\t<span style=\"display: none;\" class=\"hidden-lightbox-error-tip-text\"><\/span><\/div>\n","protected":false},"excerpt":{"rendered":"<p>44. Festival trampsk\u00fdch p\u00edsn\u00ed v Horn\u00edm Jelen\u00ed se konal tradi\u010dn\u011b v posledn\u00edm kv\u011btnov\u00e9m v\u00edkendu na louce mezi RZ Radost a Norou. Znovu se potvrdilo, \u017ee um\u00edst\u011bn\u00ed festivalu pod stan na louku festivalov\u00e9mu d\u011bn\u00ed prosp\u011blo. Festival z\u00edskal skute\u010dn\u011b trampskou tv\u00e1\u0159 a soukrom\u00ed, kter\u00e9 prosp\u00edv\u00e1 jak n\u00e1v\u0161t\u011bvn\u00edk\u016fm, tak obyvatel\u016fm Horn\u00edho Jelen\u00ed. V tomto roce n\u00e1s leccos p\u0159ekvapilo. V prvn\u00ed \u0159ad\u011b po\u010das\u00ed, kter\u00e9 po \u0159ad\u011b dn\u016f pln\u00fdch de\u0161t\u011b a chladna vykouzlilo azurovou oblohu a teploty kolem dvac\u00edtky. I to p\u0159isp\u011blo k tomu, \u017ee festival nav\u0161t\u00edvilo 232 plat\u00edc\u00edch div\u00e1k\u016f a zaznamenali jsme dal\u0161\u00edch 222 \u00fa\u010dastn\u00edk\u016f z \u0159ad po\u0159adatel\u016f, z\u00fa\u010dastn\u011bn\u00fdch kapel a host\u016f festivalu. To&#8230;<\/p>\n<p> <a class=\"continue-reading-link\" href=\"https:\/\/www.severka.online\/index.php\/2019\/06\/02\/44-festival-trampskych-pisni\/\"><span>Pokra\u010dovanie \u010dl\u00e1nku<\/span><i class=\"crycon-right-dir\"><\/i><\/a> <\/p>\n","protected":false},"author":1,"featured_media":0,"comment_status":"closed","ping_status":"closed","sticky":false,"template":"","format":"standard","meta":{"footnotes":""},"categories":[2],"tags":[35],"class_list":["post-3320","post","type-post","status-publish","format-standard","hentry","category-akcie","tag-hudba"],"_links":{"self":[{"href":"https:\/\/www.severka.online\/index.php\/wp-json\/wp\/v2\/posts\/3320","targetHints":{"allow":["GET"]}}],"collection":[{"href":"https:\/\/www.severka.online\/index.php\/wp-json\/wp\/v2\/posts"}],"about":[{"href":"https:\/\/www.severka.online\/index.php\/wp-json\/wp\/v2\/types\/post"}],"author":[{"embeddable":true,"href":"https:\/\/www.severka.online\/index.php\/wp-json\/wp\/v2\/users\/1"}],"replies":[{"embeddable":true,"href":"https:\/\/www.severka.online\/index.php\/wp-json\/wp\/v2\/comments?post=3320"}],"version-history":[{"count":2,"href":"https:\/\/www.severka.online\/index.php\/wp-json\/wp\/v2\/posts\/3320\/revisions"}],"predecessor-version":[{"id":3341,"href":"https:\/\/www.severka.online\/index.php\/wp-json\/wp\/v2\/posts\/3320\/revisions\/3341"}],"wp:attachment":[{"href":"https:\/\/www.severka.online\/index.php\/wp-json\/wp\/v2\/media?parent=3320"}],"wp:term":[{"taxonomy":"category","embeddable":true,"href":"https:\/\/www.severka.online\/index.php\/wp-json\/wp\/v2\/categories?post=3320"},{"taxonomy":"post_tag","embeddable":true,"href":"https:\/\/www.severka.online\/index.php\/wp-json\/wp\/v2\/tags?post=3320"}],"curies":[{"name":"wp","href":"https:\/\/api.w.org\/{rel}","templated":true}]}}