{"id":3407,"date":"2019-07-10T23:25:28","date_gmt":"2019-07-10T21:25:28","guid":{"rendered":"http:\/\/www.severka.online\/?p=3407"},"modified":"2020-04-08T16:18:51","modified_gmt":"2020-04-08T14:18:51","slug":"t-o-divy-kaktus-ba-dubravka-32-vyrocny-ohen","status":"publish","type":"post","link":"https:\/\/www.severka.online\/index.php\/2019\/07\/10\/t-o-divy-kaktus-ba-dubravka-32-vyrocny-ohen\/","title":{"rendered":"T.O. Div\u00fd Kaktus (BA-D\u00fabravka) &#8211; 32. v\u00fdro\u010dn\u00fd ohe\u0148"},"content":{"rendered":"<p><em><strong>5. &#8211;\u00a0 7. 7. 2019,\u00a0 flek T.O. \u010cierna Puma<\/strong><\/em><\/p>\n<p>V\u00a0roku 2017 pri\u0161lo k\u00a0znovuobnoveniu trampskej osady Div\u00fd kaktus, ktor\u00e1 bola nanovo zalo\u017een\u00e1 v\u00a0roku 1987 v\u00a0Bratislave &#8211; D\u00fabravke (p\u00f4vodn\u00e1 osada Div\u00fd kaktus bola zalo\u017een\u00e1 v\u00a0roku 1975 a\u00a0po rozpade osady kamar\u00e1t Fifty, ktor\u00fd \u017eia\u013e u\u017e nie je medzi, nami dal svojmu mlad\u0161iemu bratovi Cecovi domovenku, aby pokra\u010doval v\u00a0\u010dinnosti osady. Z\u00a0prvej gener\u00e1cie \u010dlenov tam u\u017e nikto nebol, preto sa v\u00fdro\u010die osady po\u010d\u00edta od roku 1987.) Ke\u010f\u017ee v\u00a0rokoch 2017 a\u00a02018 n\u00e1m \u010dasovo nevych\u00e1dzalo urobi\u0165 potlach, rozhodli sme sa ho urobi\u0165 tento rok a osl\u00e1vi\u0165 z\u00e1rove\u0148\u00a0 jubilejn\u00e9 30. v\u00fdro\u010die od p\u00f4vodn\u00e9ho vzniku osady a\u00a0z\u00e1rove\u0148 2. v\u00fdro\u010die od znovuobnovenia osady (z leta 2017).<\/p>\n<p>Miesto a\u00a0z\u00e1zemie na potlach n\u00e1m poskytli kamar\u00e1ti z\u00a0T.O.\u010cierna Puma z Ni\u017enej na ich osadnom fleku \u2013 chalupe pod Ve\u013ekou Javorinou v\u00a0Bielych Karpatoch pri Starej Turej.<\/p>\n<p>Hostia prich\u00e1dzali od piatkov\u00e9ho popoludnia a\u00a0postupne sa rozpr\u00fadila dobr\u00e1 n\u00e1lada so sladk\u00fdmi drevami a\u00a0spevom. V\u00a0sal\u00f3ne bolo viac druhov ob\u010derstvenia. V\u00a0sobotu cez de\u0148 pokra\u010dovala vo\u013en\u00e1 z\u00e1bava, varil sa gul\u00e1\u0161 a\u00a0opekali sa r\u00f4zne dobroty. Poobede sme trampskou pesni\u010dkou Karpaty (ktor\u00fa zlo\u017eil kamar\u00e1t Tykva) zah\u00e1jili denn\u00e9 s\u00fa\u0165a\u017ee a\u00a0potlachov\u00fd program.<\/p>\n<p>Dospel\u00ed s\u00fa\u0165a\u017eili v\u00a0dvojboji (hod no\u017emi a\u00a0sekerami) a\u00a0v\u00a0lukostre\u013ebe. Deti s\u00fa\u0165a\u017eili v\u00a0lukostre\u013ebe a\u00a0v\u00a0hode bal\u00f3nikmi naplnen\u00fdmi vodou. Po skon\u010den\u00ed tejto s\u00fa\u0165a\u017ee kamar\u00e1tka E.T.\u00a0z\u00a0recesie \u00a0zavelila na pa\u013ebu vodov\u00fdmi bal\u00f3nikmi do Pedierka, ktor\u00fd tak dostal mal\u00fa sp\u0155\u0161ku no\u00a0na slnku a\u00a0teple to dobre padlo. Po s\u00fa\u0165a\u017eiach bol pripraven\u00fd gul\u00e1\u0161, ktor\u00fd pre n\u00e1s uvaril sherif osady Kovi.<\/p>\n<p>Ve\u010der sme sa zi\u0161li pri sl\u00e1vnostnej pagode, \u00a0aby sme zap\u00e1lili v\u00fdro\u010dn\u00fd ohe\u0148. Zo 4 svetov\u00fdch str\u00e1n ho zap\u00e1lili Buba, Dada, Strejdo a\u00a0\u010cochtan. Vlajku n\u00e1m zahrali kamar\u00e1ti Bombi\u0161, Vlado a\u00a0Juraj. Po min\u00fatke ticha sherif Kovi uzatvoril kruh \u010distoty a\u00a0dal slovo svojmu z\u00e1stupcovi. Pedierko porozpr\u00e1val o\u00a0trampskej osade a\u00a0jej hist\u00f3rii. Pod vlajkami sme st\u00e1li t\u00edto osadn\u00edci (Kovi &#8211; sherif, Pedierko, Pi\u017ei a\u00a0Viku\u0161ka). D\u00f4veru v\u00a0starostlivos\u0165 o\u00a0v\u00fdro\u010dn\u00fd ohe\u0148 dostal kamar\u00e1t\u00a0 Zabijak z\u00a0T.O. Apa\u010di. Vyhl\u00e1sili sa v\u00ed\u0165azi denn\u00fdch s\u00fa\u0165a\u017e\u00ed detsk\u00fdch a\u00a0dospel\u00fdch a\u00a0 ceny im rozd\u00e1vala najmlad\u0161ia osadn\u00ed\u010dka Viku\u0161ka. Aj osadn\u00edci Div\u00e9ho kaktusu dostali kr\u00e1sne dar\u010deky od na\u0161ich host\u00ed. Potom nasledovala s\u00fa\u0165a\u017e vo ve\u010dernom speve. V\u00ed\u0165azom ve\u010dern\u00e9ho spevu bol kamar\u00e1t Juraj, ktor\u00fd mal e\u0161te kr\u00e1tky pr\u00eddavok aj po odovzdan\u00ed placky. Nasledovala vo\u013en\u00e1 z\u00e1bava, ktor\u00e1 trvala a\u017e do skor\u00fdch rann\u00fdch hod\u00edn. V\u00a0nede\u013eu sme urobili e\u0161te ofici\u00e1lne ukon\u010denie potlachu pesni\u010dkou Kapit\u00e1n de\u0148 (ktor\u00fa zlo\u017eil zosnul\u00fd kamar\u00e1t Davy) a\u00a0nastal \u010das l\u00fa\u010denia a\u00a0postupn\u00e9ho odchodu kamar\u00e1tov.<\/p>\n<p>Ako osada Div\u00fd kaktus \u010fakujeme aj touto cestou osadn\u00edkom \u010ciernej Pumy Benovi a\u00a0Strejdovi za poskytnutie fleku a\u00a0pomoci, kamar\u00e1tovi Zabijakovi za starostlivos\u0165 o\u00a0v\u00fdro\u010dn\u00fd ohe\u0148 a\u00a0v\u0161etk\u00fdm kamar\u00e1tom, ktor\u00ed n\u00e1m v\u00a0s\u00favislosti s\u00a0potlachom pomohli, ako aj\u00a0v\u0161etk\u00fdm, ktor\u00ed na n\u00e1\u0161 potlach pri\u0161li.<\/p>\n<div id=\"maxgallery-3406\" class=\"mg-image-tiles borderless\">\t<div class=\"mg-thumbs mg-fivecol\">\t\t<ul><li>\t<a  href='https:\/\/www.severka.online\/wp-content\/uploads\/2019\/07_divykaktus\/15_0719divykaktus.jpg' target='' rel='mg-rel-image-thumbs' title=''>\t\t<div class=\"\"><img loading=\"lazy\" decoding=\"async\" class=\"\" src=\"https:\/\/www.severka.online\/wp-content\/uploads\/2019\/07_divykaktus\/15_0719divykaktus-200x200.jpg\" width=\"200\" height=\"200\" alt=\"\" title=\"a v\u00ed\u0165az ve\u010dernej s\u00fa\u0165a\u017ee Juraj\" \/>\t\t<\/div>\t<\/a><\/li><li>\t<a  href='https:\/\/www.severka.online\/wp-content\/uploads\/2019\/07_divykaktus\/08_0719divykaktus.jpg' target='' rel='mg-rel-image-thumbs' title=''>\t\t<div class=\"\"><img loading=\"lazy\" decoding=\"async\" class=\"\" src=\"https:\/\/www.severka.online\/wp-content\/uploads\/2019\/07_divykaktus\/08_0719divykaktus-200x200.jpg\" width=\"200\" height=\"200\" alt=\"\" title=\"\u010dlenovia T.O. Div\u00fd kaktus a \u010cierna Puma\" \/>\t\t<\/div>\t<\/a><\/li><li>\t<a  href='https:\/\/www.severka.online\/wp-content\/uploads\/2019\/07_divykaktus\/14_0719divykaktus.jpg' target='' rel='mg-rel-image-thumbs' title=''>\t\t<div class=\"\"><img loading=\"lazy\" decoding=\"async\" class=\"\" src=\"https:\/\/www.severka.online\/wp-content\/uploads\/2019\/07_divykaktus\/14_0719divykaktus-200x200.jpg\" width=\"200\" height=\"200\" alt=\"\" title=\"\u010cochtan pri s\u00f3lospeve\" \/>\t\t<\/div>\t<\/a><\/li><li>\t<a  href='https:\/\/www.severka.online\/wp-content\/uploads\/2019\/07_divykaktus\/13_0719divykaktus.jpg' target='' rel='mg-rel-image-thumbs' title=''>\t\t<div class=\"\"><img loading=\"lazy\" decoding=\"async\" class=\"\" src=\"https:\/\/www.severka.online\/wp-content\/uploads\/2019\/07_divykaktus\/13_0719divykaktus-200x200.jpg\" width=\"200\" height=\"200\" alt=\"\" title=\"D\u0159evomorka si preber\u00e1 cenu za lukoste\u013ebu\" \/>\t\t<\/div>\t<\/a><\/li><li>\t<a  href='https:\/\/www.severka.online\/wp-content\/uploads\/2019\/07_divykaktus\/11_0719divykaktus.jpg' target='' rel='mg-rel-image-thumbs' title=''>\t\t<div class=\"\"><img loading=\"lazy\" decoding=\"async\" class=\"\" src=\"https:\/\/www.severka.online\/wp-content\/uploads\/2019\/07_divykaktus\/11_0719divykaktus-200x200.jpg\" width=\"200\" height=\"200\" alt=\"\" title=\"min\u00fata ticha\" \/>\t\t<\/div>\t<\/a><\/li><li>\t<a  href='https:\/\/www.severka.online\/wp-content\/uploads\/2019\/07_divykaktus\/16_0719divykaktus.jpg' target='' rel='mg-rel-image-thumbs' title=''>\t\t<div class=\"\"><img loading=\"lazy\" decoding=\"async\" class=\"\" src=\"https:\/\/www.severka.online\/wp-content\/uploads\/2019\/07_divykaktus\/16_0719divykaktus-200x200.jpg\" width=\"200\" height=\"200\" alt=\"\" title=\"ohnivec Zabij\u00e1k\" \/>\t\t<\/div>\t<\/a><\/li><li>\t<a  href='https:\/\/www.severka.online\/wp-content\/uploads\/2019\/07_divykaktus\/04_0719divykaktus.jpg' target='' rel='mg-rel-image-thumbs' title=''>\t\t<div class=\"\"><img loading=\"lazy\" decoding=\"async\" class=\"\" src=\"https:\/\/www.severka.online\/wp-content\/uploads\/2019\/07_divykaktus\/04_0719divykaktus-200x200.jpg\" width=\"200\" height=\"200\" alt=\"\" title=\"osadn\u00e1 kronika s fotografiou kaktus\u00e1ckej b\u00fady, ktor\u00e1 st\u00e1la v rokoch 1988 a\u017e 1995\" \/>\t\t<\/div>\t<\/a><\/li><li>\t<a  href='https:\/\/www.severka.online\/wp-content\/uploads\/2019\/07_divykaktus\/06_0719divykaktus.jpg' target='' rel='mg-rel-image-thumbs' title=''>\t\t<div class=\"\"><img loading=\"lazy\" decoding=\"async\" class=\"\" src=\"https:\/\/www.severka.online\/wp-content\/uploads\/2019\/07_divykaktus\/06_0719divykaktus-200x200.jpg\" width=\"200\" height=\"200\" alt=\"\" title=\"polodetsk\u00e9 s\u00fa\u0165a\u017ee\" \/>\t\t<\/div>\t<\/a><\/li><li>\t<a  href='https:\/\/www.severka.online\/wp-content\/uploads\/2019\/07_divykaktus\/01_0719divykaktus.jpg' target='' rel='mg-rel-image-thumbs' title=''>\t\t<div class=\"\"><img loading=\"lazy\" decoding=\"async\" class=\"\" src=\"https:\/\/www.severka.online\/wp-content\/uploads\/2019\/07_divykaktus\/01_0719divykaktus-200x200.jpg\" width=\"200\" height=\"200\" alt=\"\" title=\"T.O. Div\u00fd kaktus\" \/>\t\t<\/div>\t<\/a><\/li><li>\t<a  href='https:\/\/www.severka.online\/wp-content\/uploads\/2019\/07_divykaktus\/07_0719divykaktus.jpg' target='' rel='mg-rel-image-thumbs' title=''>\t\t<div class=\"\"><img loading=\"lazy\" decoding=\"async\" class=\"\" src=\"https:\/\/www.severka.online\/wp-content\/uploads\/2019\/07_divykaktus\/07_0719divykaktus-200x200.jpg\" width=\"200\" height=\"200\" alt=\"\" title=\"Vil\u00e9m Tell by sa hanbil...\" \/>\t\t<\/div>\t<\/a><\/li><li>\t<a  href='https:\/\/www.severka.online\/wp-content\/uploads\/2019\/07_divykaktus\/12_0719divykaktus.jpg' target='' rel='mg-rel-image-thumbs' title=''>\t\t<div class=\"\"><img loading=\"lazy\" decoding=\"async\" class=\"\" src=\"https:\/\/www.severka.online\/wp-content\/uploads\/2019\/07_divykaktus\/12_0719divykaktus-200x200.jpg\" width=\"200\" height=\"200\" alt=\"\" title=\"v\u00ed\u0165azi detsk\u00fdch s\u00fa\u0165a\u017e\u00ed\" \/>\t\t<\/div>\t<\/a><\/li><li>\t<a  href='https:\/\/www.severka.online\/wp-content\/uploads\/2019\/07_divykaktus\/09_0719divykaktus.jpg' target='' rel='mg-rel-image-thumbs' title=''>\t\t<div class=\"\"><img loading=\"lazy\" decoding=\"async\" class=\"\" src=\"https:\/\/www.severka.online\/wp-content\/uploads\/2019\/07_divykaktus\/09_0719divykaktus-200x200.jpg\" width=\"200\" height=\"200\" alt=\"\" title=\"vlajkosl\u00e1va\" \/>\t\t<\/div>\t<\/a><\/li><li>\t<a  href='https:\/\/www.severka.online\/wp-content\/uploads\/2019\/07_divykaktus\/02_0719divykaktus.jpg' target='' rel='mg-rel-image-thumbs' title=''>\t\t<div class=\"\"><img loading=\"lazy\" decoding=\"async\" class=\"\" src=\"https:\/\/www.severka.online\/wp-content\/uploads\/2019\/07_divykaktus\/02_0719divykaktus-200x200.jpg\" width=\"200\" height=\"200\" alt=\"\" title=\"vo\u013en\u00e1 piatkov\u00e1 z\u00e1bava\" \/>\t\t<\/div>\t<\/a><\/li><li>\t<a  href='https:\/\/www.severka.online\/wp-content\/uploads\/2019\/07_divykaktus\/17_0719divykaktus.jpg' target='' rel='mg-rel-image-thumbs' title=''>\t\t<div class=\"\"><img loading=\"lazy\" decoding=\"async\" class=\"\" src=\"https:\/\/www.severka.online\/wp-content\/uploads\/2019\/07_divykaktus\/17_0719divykaktus-200x200.jpg\" width=\"200\" height=\"200\" alt=\"\" title=\"z\u00e1bava do noci\" \/>\t\t<\/div>\t<\/a><\/li><li>\t<a  href='https:\/\/www.severka.online\/wp-content\/uploads\/2019\/07_divykaktus\/03_0719divykaktus.jpg' target='' rel='mg-rel-image-thumbs' title=''>\t\t<div class=\"\"><img loading=\"lazy\" decoding=\"async\" class=\"\" src=\"https:\/\/www.severka.online\/wp-content\/uploads\/2019\/07_divykaktus\/03_0719divykaktus-200x200.jpg\" width=\"200\" height=\"200\" alt=\"\" title=\"zah\u00e1jenie potlachu, od totemu sprava: Kovi (sherif), Pedierko, Pi\u017ei a Viku\u0161ka\" \/>\t\t<\/div>\t<\/a><\/li><li>\t<a  href='https:\/\/www.severka.online\/wp-content\/uploads\/2019\/07_divykaktus\/05_0719divykaktus.jpg' target='' rel='mg-rel-image-thumbs' title=''>\t\t<div class=\"\"><img loading=\"lazy\" decoding=\"async\" class=\"\" src=\"https:\/\/www.severka.online\/wp-content\/uploads\/2019\/07_divykaktus\/05_0719divykaktus-200x200.jpg\" width=\"200\" height=\"200\" alt=\"\" title=\"z\u00e1les\u00e1cky dvojboj\" \/>\t\t<\/div>\t<\/a><\/li><li>\t<a  href='https:\/\/www.severka.online\/wp-content\/uploads\/2019\/07_divykaktus\/10_0719divykaktus.jpg' target='' rel='mg-rel-image-thumbs' title=''>\t\t<div class=\"\"><img loading=\"lazy\" decoding=\"async\" class=\"\" src=\"https:\/\/www.severka.online\/wp-content\/uploads\/2019\/07_divykaktus\/10_0719divykaktus-200x200.jpg\" width=\"200\" height=\"200\" alt=\"\" title=\"zap\u00e1\u013ete ohe\u0148\" \/>\t\t<\/div>\t<\/a><\/li>\t\t<\/ul>\t\t<div class=\"clear\"><\/div>\t<\/div>\t<span style=\"display: none;\" class=\"hidden-image-tiles-gallery-id\">3406<\/span>\t<span style=\"display: none;\" class=\"hidden-lightbox-skin\"><\/span>\t<span style=\"display: none;\" class=\"hidden-lightbox-effect\"><\/span>\t<span style=\"display: none;\" class=\"hidden-lightbox-kb-nav\">false<\/span>\t<span style=\"display: none;\" class=\"hidden-lightbox-img-click-close\">false<\/span>\t<span style=\"display: none;\" class=\"hidden-lightbox-ol-click-close\">false<\/span>\t<span style=\"display: none;\" class=\"hidden-lightbox-close-tip-text\"><\/span>\t<span style=\"display: none;\" class=\"hidden-lightbox-next-tip-text\"><\/span>\t<span style=\"display: none;\" class=\"hidden-lightbox-prev-tip-text\"><\/span>\t<span style=\"display: none;\" class=\"hidden-lightbox-error-tip-text\"><\/span><\/div>\n<p><strong>Trampsk\u00e1 osada Div\u00fd kaktus<\/strong><\/p>\n<p>T.O. Div\u00fd kaktus vznikla v\u00a0roku 1975 s \u010dlenmi \u0160ufl\u00edk, Fifty, Buchalo, Tibor a\u00a0Martin. Osada nemala svoj osadn\u00fd flek a\u00a0fungovala do roku 1981, a\u017e sa nakoniec rozpadla. V\u00a0roku 1987 dal Fifty \u00a0domovenku osady mlad\u0161iemu bratovi Cecovi, aby pokra\u010doval v\u00a0\u010dinnosti osady a\u00a0tak Ceco spolu s\u00a0kamar\u00e1tmi Kovim (ktor\u00fd je od vtedy sherif), Pi\u017eim, \u010cungom, Bednym a\u00a0Kisom pokra\u010dovali v\u00a0osadnej \u010dinnosti. Svoj domovsk\u00fd flek si osada na\u0161la na svahu Dev\u00ednskej Kobyly na d\u00fabravskej strane oproti \u010dasti Lamenica. V\u00a0roku 1988 dokon\u010dili na svojom fleku aj zrub zn\u00e1my ako chajda Kaktus, na ktorom sa stret\u00e1valo plno trampov z\u00a0D\u00fabravky. Do osady prijali kamar\u00e1tov Panaka a\u00a0Herca. \u010cestn\u00fdm \u010dlenom osady bol aj \u017daba, ktor\u00fd u\u017e \u017eia\u013e nie je medzi nami.<\/p>\n<p>Osada chodievala na vandre napr. do Karp\u00e1t, do Tatier a\u00a0na r\u00f4zne trampsk\u00e9 akcie. Osadn\u00edci sa zozn\u00e1mili aj s\u00a0Michalom Tu\u010dn\u00fdm. Ja som sa spoznal s\u00a0osadn\u00edkmi Div\u00e9ho kaktusu cez zimn\u00e9 pr\u00e1zdniny v\u00a0roku 1989 a\u00a0v\u00a0rokoch 1990 a\u00a01991 som sa s\u00a0nimi e\u0161te ako mal\u00fd chalan stret\u00e1val na ich osadnej b\u00fade. Hovorili mi aj Sherif. Nesk\u00f4r osadn\u00fd \u017eivot Div\u00e9ho kaktusu upadol a\u00a0cesty osadn\u00edkov i\u0161li r\u00f4znymi smermi, tak som chodieval na flek a\u00a0vandre s\u00a0in\u00fdmi kamar\u00e1tmi, ktor\u00ed dostali domovsk\u00e9 pr\u00e1vo od osadn\u00edkov na kaktus\u00e1ckej b\u00fade (boli z\u00a0os\u00e1d Jespery a\u00a0Biz\u00f3ni). V\u00a0roku 1995 niekto b\u00fadu Kaktus podp\u00e1lil. Kamar\u00e1t \u017daba sa potom presunul na Psie kr\u00e1tery, kde zalo\u017eil osadu Arizona a\u00a0mne dal domovsk\u00e9 pr\u00e1vo na ten flek. Od roku 2010 som za\u010dal by\u0165 v\u00a0kontakte s\u00a0osadn\u00edkmi T.O. Div\u00fd Kaktus a\u00a0z\u00a0nich intenz\u00edvnej\u0161ie do trampsk\u00e9ho prostredia so mnou za\u010dali chodieva\u0165 kamar\u00e1ti Kovi a\u00a0Pi\u017ei aj s s\u00a0ratoles\u0165ami. Chodievali sme na Psie kr\u00e1tery, z\u00fa\u010dastnili sa nieko\u013ek\u00fdch trampsk\u00fdch akcii, ako aj vandrov a\u00a0v\u00a0roku 2016 som im udelil domovsk\u00e9 pr\u00e1vo na Psie kr\u00e1tery. Na tomto fleku sme v\u00a0roku 2017 znovuobnovili osadu a\u00a0oni ma prijali do osady aj ako z\u00e1stupcu sherifa a\u00a0zrekon\u0161truovali sme aj \u010diasto\u010dne spustnut\u00fd flek.<\/p>\n<p style=\"text-align: right;\"><em><strong>Pedierko, T.O.Div\u00fd kaktus<\/strong><\/em><br \/>\n<em><strong>foto doplnili Kovi a \u010cochtan (TOSTO)<\/strong><\/em><\/p>\n","protected":false},"excerpt":{"rendered":"<p>5. &#8211;\u00a0 7. 7. 2019,\u00a0 flek T.O. \u010cierna Puma V\u00a0roku 2017 pri\u0161lo k\u00a0znovuobnoveniu trampskej osady Div\u00fd kaktus, ktor\u00e1 bola nanovo zalo\u017een\u00e1 v\u00a0roku 1987 v\u00a0Bratislave &#8211; D\u00fabravke (p\u00f4vodn\u00e1 osada Div\u00fd kaktus bola zalo\u017een\u00e1 v\u00a0roku 1975 a\u00a0po rozpade osady kamar\u00e1t Fifty, ktor\u00fd \u017eia\u013e u\u017e nie je medzi, nami dal svojmu mlad\u0161iemu bratovi Cecovi domovenku, aby pokra\u010doval v\u00a0\u010dinnosti osady. Z\u00a0prvej gener\u00e1cie \u010dlenov tam u\u017e nikto nebol, preto sa v\u00fdro\u010die osady po\u010d\u00edta od roku 1987.) Ke\u010f\u017ee v\u00a0rokoch 2017 a\u00a02018 n\u00e1m \u010dasovo nevych\u00e1dzalo urobi\u0165 potlach, rozhodli sme sa ho urobi\u0165 tento rok a osl\u00e1vi\u0165 z\u00e1rove\u0148\u00a0 jubilejn\u00e9 30. v\u00fdro\u010die od p\u00f4vodn\u00e9ho vzniku osady a\u00a0z\u00e1rove\u0148 2. v\u00fdro\u010die&#8230;<\/p>\n<p> <a class=\"continue-reading-link\" href=\"https:\/\/www.severka.online\/index.php\/2019\/07\/10\/t-o-divy-kaktus-ba-dubravka-32-vyrocny-ohen\/\"><span>Pokra\u010dovanie \u010dl\u00e1nku<\/span><i class=\"crycon-right-dir\"><\/i><\/a> <\/p>\n","protected":false},"author":1,"featured_media":0,"comment_status":"closed","ping_status":"closed","sticky":false,"template":"","format":"standard","meta":{"footnotes":""},"categories":[2],"tags":[28],"class_list":["post-3407","post","type-post","status-publish","format-standard","hentry","category-akcie","tag-zazitky"],"_links":{"self":[{"href":"https:\/\/www.severka.online\/index.php\/wp-json\/wp\/v2\/posts\/3407","targetHints":{"allow":["GET"]}}],"collection":[{"href":"https:\/\/www.severka.online\/index.php\/wp-json\/wp\/v2\/posts"}],"about":[{"href":"https:\/\/www.severka.online\/index.php\/wp-json\/wp\/v2\/types\/post"}],"author":[{"embeddable":true,"href":"https:\/\/www.severka.online\/index.php\/wp-json\/wp\/v2\/users\/1"}],"replies":[{"embeddable":true,"href":"https:\/\/www.severka.online\/index.php\/wp-json\/wp\/v2\/comments?post=3407"}],"version-history":[{"count":2,"href":"https:\/\/www.severka.online\/index.php\/wp-json\/wp\/v2\/posts\/3407\/revisions"}],"predecessor-version":[{"id":3428,"href":"https:\/\/www.severka.online\/index.php\/wp-json\/wp\/v2\/posts\/3407\/revisions\/3428"}],"wp:attachment":[{"href":"https:\/\/www.severka.online\/index.php\/wp-json\/wp\/v2\/media?parent=3407"}],"wp:term":[{"taxonomy":"category","embeddable":true,"href":"https:\/\/www.severka.online\/index.php\/wp-json\/wp\/v2\/categories?post=3407"},{"taxonomy":"post_tag","embeddable":true,"href":"https:\/\/www.severka.online\/index.php\/wp-json\/wp\/v2\/tags?post=3407"}],"curies":[{"name":"wp","href":"https:\/\/api.w.org\/{rel}","templated":true}]}}