{"id":4188,"date":"2019-11-15T19:04:54","date_gmt":"2019-11-15T18:04:54","guid":{"rendered":"http:\/\/www.severka.online\/?p=4188"},"modified":"2020-04-24T21:11:22","modified_gmt":"2020-04-24T19:11:22","slug":"i-jesenny-vyslap-oz-priatelia-lesa","status":"publish","type":"post","link":"https:\/\/www.severka.online\/index.php\/2019\/11\/15\/i-jesenny-vyslap-oz-priatelia-lesa\/","title":{"rendered":"I.  jesenn\u00fd v\u00fd\u0161lap OZ Priatelia lesa"},"content":{"rendered":"<p><strong><a href=\"https:\/\/www.severka.online\/wp-content\/uploads\/2019\/oznamy\/201910_jesenny_vyslap.jpg\"><img loading=\"lazy\" decoding=\"async\" class=\"alignleft wp-image-3709\" src=\"https:\/\/www.severka.online\/wp-content\/uploads\/2019\/oznamy\/201910_jesenny_vyslap-300x185.jpg\" alt=\"\" width=\"199\" height=\"123\" srcset=\"https:\/\/www.severka.online\/wp-content\/uploads\/2019\/oznamy\/201910_jesenny_vyslap-300x185.jpg 300w, https:\/\/www.severka.online\/wp-content\/uploads\/2019\/oznamy\/201910_jesenny_vyslap-1024x632.jpg 1024w, https:\/\/www.severka.online\/wp-content\/uploads\/2019\/oznamy\/201910_jesenny_vyslap-768x474.jpg 768w, https:\/\/www.severka.online\/wp-content\/uploads\/2019\/oznamy\/201910_jesenny_vyslap-150x93.jpg 150w, https:\/\/www.severka.online\/wp-content\/uploads\/2019\/oznamy\/201910_jesenny_vyslap.jpg 1100w\" sizes=\"auto, (max-width: 199px) 100vw, 199px\" \/><\/a>\u010clenovia OZ Priatelia lesa, ktor\u00e9 zdru\u017euj\u00fa 6 trampsk\u00fdch os\u00e1d v Modre a okol\u00ed (T. O. \u010cierny Medve\u010f, T. O. Geronimo, T. O. Biela Hviezda, T. O. Pavu\u010dina, T. O. Manitoba a T. O. Brezi\u010dka) sa rozhodli aj tento rok v trad\u00edcii v\u00fd\u0161lapov pokra\u010dova\u0165 v porad\u00ed u\u017e tret\u00edm ro\u010dn\u00edkom a s\u00edce jesen\u00fdm v\u00fd\u0161lapom na vrch Kukla (564 m n. m.). Na jeho vrchole sa nach\u00e1dza dreven\u00e1 12 metrov vysok\u00e1 rozh\u013ead\u0148a, z ktorej s\u00fa za pekn\u00e9ho po\u010dasia ve\u013emi romantick\u00e9 v\u00fdh\u013eady hlavne v\u00fdchodn\u00fdm smerom. Je tu mo\u017enos\u0165 uvidie\u0165 aj zna\u010dne vzdialen\u00fd Tribe\u010d s vrchmi \u017dibrica a Zobor, vrch Marh\u00e1t v Pova\u017eskom Inovci, Podunajsk\u00fa n\u00ed\u017einu s roztr\u00fasen\u00fdmi obcami. Ale suver\u00e9nne najkraj\u0161\u00ed je poh\u013ead na hrad \u010cerven\u00fd Kame\u0148 a Trnavsk\u00fa tabu\u013eu s obrysmi Bielych Karp\u00e1t \u010di Pova\u017esk\u00e9ho Inovca. Samozrejme, n\u00e1dhern\u00fd a dych ber\u00faci je aj poh\u013ead na okolit\u00e9 malokarpatsk\u00e9 vrchy. <\/strong><\/p>\n<p>R\u00e1no, cca pol hodinu pred za\u010diatkom v\u00fd\u0161lapu sme na motorovom t\u00e1to\u0161i zna\u010dky Ford vyrazili v\u00a0dvojici: Pe\u0165o a Ar\u0165o s\u00a0t\u00fdm, \u017ee ako v\u017edy sme chceli by\u0165 na \u0161tarte v\u00fd\u0161lapu medzi prv\u00fdmi, \u010do sa n\u00e1m zas a\u00a0znova <em>nezdarilo<\/em>, preto\u017ee kr\u00e1tko pred deviatou n\u00e1s tam u\u017e \u010dakala dvojica malinov\u010daniek v\u00a0zlo\u017een\u00ed Eva a\u00a0\u017daneta. Postupne za\u010dali prib\u00fada\u0165 aj \u010fal\u0161\u00ed kamar\u00e1ti: Johny Texas, Kyro, Yl\u00e9m, Viky so synom Dominikom, T\u00e1ni\u010dka, De\u017ei, Babulo, ktor\u00ed svorne povyskakovali z\u00a0pr\u00e1ve pr\u00edchodiaceho busu mieriaceho na Zo\u0161ku. Medzi posledn\u00fdmi dvojica Ondr\u00edkovcov z\u00a0T. O. Brezi\u010dka. Na\u0161u skupinu doplnili aj trampky \u201eZtracenky\u201c v\u00a0zlo\u017een\u00ed: Ivana, Milka a\u00a0Adriana spolu s\u00a0Milo\u0161om-Pilotom a\u00a0jeho priate\u013ekou Denisou. Zostava to teda bola ve\u013emi slu\u0161n\u00e1, v\u0161etci sa du\u0161ovali, \u017ee maj\u00fa kondi\u010dku na \u00farovni tatransk\u00fdch nosi\u010dov a\u00a0prejd\u00fa to \u013eavou zadnou. Len aby&#8230;<\/p>\n<p>Tohto roku sa kone\u010dne aj po\u010dasie <em>tro\u0161ku <\/em>um\u00fadrilo a\u00a0glob\u00e1lne otep\u013eovanie (aj napriek <em>hrdinn\u00e9mu <\/em>odporu mladej Gr\u00e9tky Thunbergovej) pokro\u010dilo a\u00a0teplomer ukazoval pr\u00edjemn\u00fdch 16 stup\u0148ov. Babie leto tento rok pri\u0161lo tro\u0161ku nesk\u00f4r, ale o\u00a0to s\u00a0v\u00e4\u010d\u0161ou intenzitou. Ukazovala sa kr\u00e1sna sobota, dalo by sa poveda\u0165 skoro letn\u00fd slne\u010dn\u00fd de\u0148 na konci okt\u00f3bra, tak\u017ee \u010do si pria\u0165 viacej? Po naplnen\u00ed akademick\u00fdch 15 min\u00fat som zavelil na odchod a\u00a0vydali sme sa smerom k\u00a0Zorni\u010dke.<\/p>\n<p>Po zelenej zna\u010dke pomedzi rekrea\u010dn\u00e9 chaty a\u00a0penzi\u00f3ny sa vnor\u00edme do bukovo-dubov\u00fdch lesov, v\u00a0ktor\u00fdch sa zjavuj\u00fa aj prv\u00e9 hubov\u00e9 objavy, ktor\u00fdm ale nevenujeme pozornos\u0165 a\u00a0pod veden\u00edm Andreja, ktor\u00e9 by sa dalo nazva\u0165 kr\u00e1tkym orienta\u010dn\u00fdm behom, let\u00edme s\u00a0v\u00edchrom opreteky a\u017e na sedlo Tri kopce, ktor\u00e9 sa nach\u00e1dza <em>takmer <\/em>pod Kuklou. Tu je Andrejovi tak tro\u0161ku vytknut\u00e9, \u017ee ak chce be\u017ea\u0165 marat\u00f3n m\u00f4\u017ee, ale my ostatn\u00ed p\u00f4jdeme v\u00a0<em>mierne <\/em>kludnej\u0161om tempe. Nasleduje obligat\u00f3rna kr\u00e1tka ob\u010derstvovacia prest\u00e1vka, kde sa ka\u017ed\u00fd podel\u00ed s\u00a0ostatn\u00fdmi s\u00a0vecami, ktor\u00e9 mu zavadzaj\u00fa roky doma \u2013 napr\u00edklad Ar\u0165o vytiahol z\u00a0rucsoku su\u0161en\u00fd z\u00e1zvor priamo z\u00a0Vietnamu. Napodiv \u017eal ov\u00e1cie, spolu s\u00a0extra such\u00fdm zelen\u00fdm mu\u0161k\u00e1tlom ro\u010dn\u00edka 2019. Kamar\u00e1t Yl\u00e9m vy\u0165ahuje svoju u\u017e skoro legend\u00e1rnu mirabelkovicu a\u00a0\u010duduj sa svete, je po nej zna\u010dn\u00fd z\u00e1ujem, len fla\u0161ka je ak\u00e1si mali\u010dk\u00e1. Ale dos\u0165 bolo ob\u010derstvenia, \u010das chv\u00e1ta a\u00a0tak po modrej zna\u010dke \u0161liapeme \u010falej na Kuklu, pri\u010dom sa ter\u00e9n vidite\u013ene men\u00ed. Posledn\u00e9 kvitn\u00face kvety, stromy meniace svoje sfarbenie pon\u00fakaj\u00fa pestr\u00fa paletu farieb od v\u00fdmyslu sveta. Pr\u00e1ve preto m\u00e1m jese\u0148 zo v\u0161etk\u00fdch ro\u010dn\u00fdch obdob\u00ed najrad\u0161ej \u2013 poletuj\u00face pavu\u010dinky a\u00a0neskuto\u010dne kr\u00e1sne sfarben\u00e9 listy opad\u00e1vaj\u00face z\u00a0vrcholcov statn\u00fdch malokarpatsk\u00fdch velik\u00e1nov d\u00e1vaj\u00fa tomuto <em>jedine\u010dn\u00e9mu<\/em> obdobiu tie\u017e pr\u00edvlastok <em>indi\u00e1nske leto<\/em>. Hmla u\u017e \u00faplne po\u013eavila, po chv\u00edli sa pred nami vyn\u00e1ra kr\u00e1sna scen\u00e9ria s vrcholovou rovinkou, kde sa nach\u00e1dza u\u017e zmie\u0148ovan\u00e1 rozh\u013ead\u0148a. Nasleduje spolo\u010dn\u00e1 vrcholov\u00e1 fote\u010dka, t\u00ed odv\u00e1\u017enej\u0161\u00ed vylez\u00fa aj na vrchol rozh\u013eadne, kde sa im naskytn\u00fa kr\u00e1sne poh\u013eady na malebn\u00fa jesenn\u00fa pr\u00edrodu.<\/p>\n<p>Mierny vetr\u00edk n\u00e1s ale n\u00fati pobra\u0165 sa \u010falej a\u00a0tak n\u00e1s Andrej Dobro vedie mimo zna\u010dky cez \u010certov\u00e9 zuby smerom ku Trom kopcom. Cestou m\u00ed\u0148ame star\u00e9 opusten\u00e9 t\u00e1borisko, na ktor\u00e9 u\u017e dlh\u0161iu dobu nikto nezav\u00edtal. Veru, st\u00e1le viacej prib\u00fada opusten\u00fdch kempov a\u00a0t\u00e1bor\u00edsk, na ktor\u00e9 nikto nechod\u00ed. Zanech\u00e1vame chm\u00farne my\u0161lienky a\u00a0t\u00e1borisko za sebou a\u00a0to u\u017e na\u0161e trampsk\u00e9 boty mieria tentoraz po \u017eltej zna\u010dke cez hmlou pokryt\u00fd les a\u00a0popadan\u00e9 l\u00edstie. Kr\u00e1tky oddych si d\u00e1vame na Kom\u00e1rke, kde n\u00e1s zahreje kal\u00ed\u0161tek vodky od kamar\u00e1ta Kyra. Odtia\u013e po modrej zna\u010dke k\u00a0parkovisku na Zochovej chate, kde popri Furmanke ideme mimo zna\u010dky na \u017dlt\u00fd dom, kde si doprajeme kr\u00e1tky oddych pri skvelom pive\u010dku zna\u010dky Bernard, kofolke a\u00a0k\u00e1ve. Na\u0161e kroky n\u00e1sledne mieria k\u00a0rozostavan\u00e9mu projektu Biok\u00fapaliska, na ktor\u00fd z\u00edskalo mesto Modra dot\u00e1ciu viac ako 600.000 EUR. Cie\u013eom projektu je v prvej f\u00e1ze zrekon\u0161truova\u0165 a spevni\u0165 brehy n\u00e1dr\u017ee a hr\u00e1dzu, sfunk\u010dni\u0165 odtok a osadi\u0165 nov\u00e9 dreven\u00e9 oddychov\u00e9 prvky, ako sme sa o\u00a0tom mohli presved\u010di\u0165 na vlastn\u00e9 o\u010di. U\u017e teraz sa te\u0161\u00edme ako sa budeme m\u00f4c\u0165 ovla\u017ei\u0165 v\u00a0novom \u201ebiokupku\u201c, kde \u010dlovek svojho \u010dasu pl\u00e1val medzi dvoma u\u017eovkami, ktor\u00e9 mu robili mil\u00fa spolo\u010dnos\u0165. To bolo to prav\u00e9 biou\u017eovkovit\u00e9 obdobie, ke\u010f e\u0161te v\u00a0tranzistor\u00e1koch hral Rolling Stones.<\/p>\n<p>Prudk\u00e9 st\u00fapanie a po \u010dervenej mierime k\u00a0Tisov\u00fdm skal\u00e1m (450-550 m n. m.). Tieto s\u00fa \u201eposkladan\u00e9\u201c z troch oddelen\u00fdch \u010dast\u00ed skaln\u00e9ho hrebe\u0148a a\u00a0v roku 1977 boli vyhl\u00e1sen\u00e9 za chr\u00e1nen\u00e9 \u00fazemie. Zrete\u013en\u00e1 \u0161\u00edpka modrej farby n\u00e1m prikazuje zmeni\u0165 smer do\u013eava k\u00a0z\u00e1veru n\u00e1\u0161ho v\u00fd\u0161lapu \u2013 k\u00a0hradisku Z\u00e1m\u010disko. Prekra\u010dujeme potok a\u00a0ocit\u00e1me sa na \u010distinke, kde s\u00fa vidie\u0165 stopy v\u00edchrice a\u00a0n\u00e1slednej kalamity z\u00a0m\u00e1ja roku 2010, ktor\u00e1 zasiahla Mal\u00e9 Karpaty, pri\u010dom najviac postihnut\u00fdmi miestami boli lokality v okol\u00ed Pieskov, Medvedej Skaly, Ko\u010di\u0161t\u00e1nu, \u010cerven\u00e9, Kol\u00e1rske pri Hvezd\u00e1rni a cel\u00e1 lokalita modransk\u00fdch lesov vo zvernici Biela Skala. Ni\u010div\u00e9 n\u00e1sledky veternej smr\u0161te s\u00fa doteraz vidite\u013en\u00e9. Od Z\u00e1m\u010diska mierime \u010fal\u0161\u00edm strm\u00e1kom k\u00a0\u0161t\u00f4lni pod Z\u00e1m\u010diskom (p\u00f4vodn\u00fd n\u00e1zov: Maria H\u00fclf Stolln), ktor\u00e1 m\u00e1 celkovo 155 metrov a pekne ukazuje sp\u00f4sob pr\u00e1ce ban\u00edkov, ktor\u00ed do kremenca ru\u010dne sekali \u00fazke chodby. Dnes by k\u00a0takejto robote nikto nevst\u00e1val, rad\u0161ej by si to kukol na g\u00fagli, ale realita je sem-tam o\u00a0poznanie n\u00e1ro\u010dnej\u0161ia. \u010co je v bani dos\u0165 zrete\u013ene vidite\u013en\u00e9 &#8211; s\u00fa na <em>mo\u017en\u00fa <\/em>zimu dole hlavou zavesen\u00e9 \u201enetop\u00fdre skaln\u00e9\u201c, ktor\u00e9 \u010duduj sa svete nevleteli nikomu do vlasov, tak\u017ee sme ich nemuseli <em>prevent\u00edvne vyrez\u00e1va\u0165 d\u00fdkou <\/em>z\u00a0vrko\u010dov na\u0161ich ne\u017en\u00fdch polovi\u010diek.<\/p>\n<p>Modr\u00e1 je nielen obloha ale aj zna\u010dka, ktor\u00e1 n\u00e1s vedie popri b\u00fdvalom lesn\u00edckom u\u010dili\u0161ti a\u017e k\u00a0cie\u013eu v\u00fd\u0161lapu, kde u\u017e \u010dak\u00e1 Kon\u00edk s\u00a0mal\u00fdm Art\u00edkom, ktor\u00fd tu\u0161\u00edm od r\u00e1na mierne podr\u00e1stol. Nasleduje zalomenie palcov, pri\u010dom za pomoci \u010fal\u0161\u00edch kamar\u00e1tov obdarujeme ka\u017ed\u00e9ho \u00fa\u010dastn\u00edka v\u00fd\u0161lapu camr\u00e1tkom, pam\u00e4tn\u00fdm listom a\u00a0kr\u00e1snym zelen\u00fdm 100% bavlnen\u00fdm tri\u010dkom so znakom OZ Priatelia lesa. Kamar\u00e1tka S\u00e1\u0161ka, ktor\u00e1 sa \u017eia\u013e nemohla v\u00fd\u0161lapu z\u00fa\u010dastni\u0165 vytvorila aj bonusy \u2013 dve kr\u00e1sne obrie placky \u2013 na jednej sovi\u010dka, ktor\u00fa z\u00edskava kamar\u00e1t Babulo ako slu\u017eobne najstar\u0161\u00ed \u00fa\u010dastn\u00edk a\u00a0druh\u00e1 s\u00a0kon\u00edkom a\u00a0jeho vej\u00facou hrivou \u2013 t\u00fato za z\u00e1sluhy, \u017ee to pre\u0161iel, dost\u00e1va mal\u00fd Dominik. Ale to u\u017e vo vn\u00fatri n\u00f4tia hudobn\u00edci z\u00a0Trnavy \u2013 s Olinkou hraj\u00facou na husiach, Bombi\u0161om, kamar\u00e1tom Strapcom a\u00a0Lokom a\u00a0mnoh\u00fdmi \u010fal\u0161\u00edmi. Po kr\u00e1tkom zladen\u00ed sa rozozvu\u010dia t\u00f3ny sladk\u00e9ho dreva a\u00a0v\u0161etci dru\u017ene spievame osved\u010den\u00e9 trampsk\u00e9 hity, ktor\u00e9 umoc\u0148uj\u00fa atmosf\u00e9ru cel\u00e9ho ve\u010dera. Sm\u00e4d zahas\u00edme dobr\u00fdm 11\u00b0 pivkom Karpat a\u00a0z\u00e1rove\u0148 si vychutn\u00e1me lahodn\u00fd brav\u010dov\u00fd gul\u00e1\u0161ik, ktor\u00fd po prejdenej \u0161treke pri\u0161iel ve\u013emi vhod. Za tento patr\u00ed ve\u013ek\u00e1 pochvala majite\u013eovi Sandra baru a\u00a0tie\u017e za jeho ochotu prich\u00fdli\u0165 t\u00falav\u00e9 trampsk\u00e9 du\u0161e, aj ke\u010f sa r\u00e1no e\u0161te ob\u00e1val, \u017ee \u010di bude m\u00f4c\u0165 podnik otvori\u0165 aj v\u00a0nasleduj\u00face dni, \u010di v\u0161etko zariadenie ostane v\u00a0p\u00f4vodnom stave.<\/p>\n<p>Dnes u\u017e m\u00f4\u017eeme skon\u0161tatova\u0165, \u017ee v\u0161etko dopadlo na jedni\u010dku a\u00a0slnkom prehriate l\u00fa\u010de babieho leta d\u00e1vaj\u00fa d\u00f4stojn\u00fa bodku za dne\u0161n\u00fdm podujat\u00edm. Jedin\u00fdm nepriate\u013eom mojich vytr\u00e9novan\u00fdch n\u00f4h sa uk\u00e1zali nov\u00e9 italsk\u00e9 boty Car\u00e8 Alto Dallap\u00e9, ktor\u00e9 ma doslovne zodrali na kos\u0165 (niet sa \u010domu \u010dudova\u0165, ve\u010f v\u00e1ha jednej boty bola 1,41 kg, s\u00fa cel\u00e9 pokryt\u00e9 ko\u017eou o hr\u00fabke 3,7 mm). Trnav\u00e1ci podotkli, \u017ee s\u00fa ur\u010den\u00e9 na alpsk\u00fd \u013eadovec, ale skrz to <em>oteplovan\u00ed<\/em> ich asi moc v\u00a0najbli\u017e\u0161\u00edch rokoch nevyu\u017eijem. Ale ka\u017ed\u00e1 pekn\u00e1 vec mus\u00ed skon\u010di\u0165 a\u00a0tak sa posledn\u00ed skaln\u00ed balia o deviatej. L\u00fa\u010dime sa op\u00e4\u0165 s\u00a0pr\u00eds\u013eubom, \u017ee sa v\u0161etci kamar\u00e1ti stretneme na jarnom v\u00fd\u0161lape, ktor\u00fd je napl\u00e1novan\u00fd na apr\u00edl bud\u00faceho roku, na ktor\u00fd sa u\u017e teraz v\u0161etci ve\u013emi te\u0161\u00edme.<\/p>\n<p><strong><em>Kamar\u00e1t Ar\u0165o, predseda OZ Priatelia lesa<\/em><\/strong><\/p>\n<p style=\"text-align: center;\"><img loading=\"lazy\" decoding=\"async\" class=\"alignnone size-full wp-image-4628\" src=\"https:\/\/www.severka.online\/wp-content\/uploads\/2019\/oznamy\/201910_jesennyvyslap_uw.jpg\" alt=\"\" width=\"960\" height=\"720\" srcset=\"https:\/\/www.severka.online\/wp-content\/uploads\/2019\/oznamy\/201910_jesennyvyslap_uw.jpg 960w, https:\/\/www.severka.online\/wp-content\/uploads\/2019\/oznamy\/201910_jesennyvyslap_uw-267x200.jpg 267w, https:\/\/www.severka.online\/wp-content\/uploads\/2019\/oznamy\/201910_jesennyvyslap_uw-768x576.jpg 768w, https:\/\/www.severka.online\/wp-content\/uploads\/2019\/oznamy\/201910_jesennyvyslap_uw-150x113.jpg 150w\" sizes=\"auto, (max-width: 960px) 100vw, 960px\" \/><\/p>\n<p>\u010fal\u0161ie fotky si m\u00f4\u017ee\u0161 pozrie\u0165 v <a href=\"https:\/\/photos.google.com\/share\/AF1QipPUMa3ELLMMUv0wmdKzS0ti7ml7v5H52fHeqhCteqiEYcu69s1N9FzSCDSHo6NGsg?key=ejFXSDh2bUpoWTNnZWwwNVNSZHVjNmRsNHc2QVZR\" target=\"_blank\" rel=\"noopener noreferrer\"><strong>Ar\u0165ovom albume<\/strong><\/a><\/p>\n","protected":false},"excerpt":{"rendered":"<p>\u010clenovia OZ Priatelia lesa, ktor\u00e9 zdru\u017euj\u00fa 6 trampsk\u00fdch os\u00e1d v Modre a okol\u00ed (T. O. \u010cierny Medve\u010f, T. O. Geronimo, T. O. Biela Hviezda, T. O. Pavu\u010dina, T. O. Manitoba a T. O. Brezi\u010dka) sa rozhodli aj tento rok v trad\u00edcii v\u00fd\u0161lapov pokra\u010dova\u0165 v porad\u00ed u\u017e tret\u00edm ro\u010dn\u00edkom a s\u00edce jesen\u00fdm v\u00fd\u0161lapom na vrch Kukla (564 m n. m.). Na jeho vrchole sa nach\u00e1dza dreven\u00e1 12 metrov vysok\u00e1 rozh\u013ead\u0148a, z ktorej s\u00fa za pekn\u00e9ho po\u010dasia ve\u013emi romantick\u00e9 v\u00fdh\u013eady hlavne v\u00fdchodn\u00fdm smerom. Je tu mo\u017enos\u0165 uvidie\u0165 aj zna\u010dne vzdialen\u00fd Tribe\u010d s vrchmi \u017dibrica a Zobor, vrch Marh\u00e1t v Pova\u017eskom Inovci, Podunajsk\u00fa&#8230;<\/p>\n<p> <a class=\"continue-reading-link\" href=\"https:\/\/www.severka.online\/index.php\/2019\/11\/15\/i-jesenny-vyslap-oz-priatelia-lesa\/\"><span>Pokra\u010dovanie \u010dl\u00e1nku<\/span><i class=\"crycon-right-dir\"><\/i><\/a> <\/p>\n","protected":false},"author":1,"featured_media":0,"comment_status":"closed","ping_status":"closed","sticky":false,"template":"","format":"standard","meta":{"footnotes":""},"categories":[2],"tags":[28],"class_list":["post-4188","post","type-post","status-publish","format-standard","hentry","category-akcie","tag-zazitky"],"_links":{"self":[{"href":"https:\/\/www.severka.online\/index.php\/wp-json\/wp\/v2\/posts\/4188","targetHints":{"allow":["GET"]}}],"collection":[{"href":"https:\/\/www.severka.online\/index.php\/wp-json\/wp\/v2\/posts"}],"about":[{"href":"https:\/\/www.severka.online\/index.php\/wp-json\/wp\/v2\/types\/post"}],"author":[{"embeddable":true,"href":"https:\/\/www.severka.online\/index.php\/wp-json\/wp\/v2\/users\/1"}],"replies":[{"embeddable":true,"href":"https:\/\/www.severka.online\/index.php\/wp-json\/wp\/v2\/comments?post=4188"}],"version-history":[{"count":5,"href":"https:\/\/www.severka.online\/index.php\/wp-json\/wp\/v2\/posts\/4188\/revisions"}],"predecessor-version":[{"id":4629,"href":"https:\/\/www.severka.online\/index.php\/wp-json\/wp\/v2\/posts\/4188\/revisions\/4629"}],"wp:attachment":[{"href":"https:\/\/www.severka.online\/index.php\/wp-json\/wp\/v2\/media?parent=4188"}],"wp:term":[{"taxonomy":"category","embeddable":true,"href":"https:\/\/www.severka.online\/index.php\/wp-json\/wp\/v2\/categories?post=4188"},{"taxonomy":"post_tag","embeddable":true,"href":"https:\/\/www.severka.online\/index.php\/wp-json\/wp\/v2\/tags?post=4188"}],"curies":[{"name":"wp","href":"https:\/\/api.w.org\/{rel}","templated":true}]}}