{"id":4485,"date":"2020-02-09T18:01:54","date_gmt":"2020-02-09T17:01:54","guid":{"rendered":"http:\/\/www.severka.online\/?p=4485"},"modified":"2020-04-08T16:18:50","modified_gmt":"2020-04-08T14:18:50","slug":"festival-spoznajme-svet","status":"publish","type":"post","link":"https:\/\/www.severka.online\/index.php\/2020\/02\/09\/festival-spoznajme-svet\/","title":{"rendered":"Festival Spoznajme svet"},"content":{"rendered":"<p><strong>Sklabinsk\u00fd Podz\u00e1mok, 1. 2. 2020<\/strong><\/p>\n<p><strong>V\u00a0jednej z\u00a0najmen\u0161\u00edch, no zato ur\u010dite najmalebnej\u0161\u00edch obc\u00ed Turca, v\u00a0Sklabinskom Podz\u00e1mku, v\u00a0\u00fadol\u00ed Kantorskej S\u00e1zavy, ako zvykn\u00fa naz\u00fdva\u0165 svoj raj\u00f3n miestni entuziasti z Trampskej osady Kantor, sa v\u00a0prv\u00fa febru\u00e1rov\u00fa sobotu roku 2020 uskuto\u010dnil u\u017e desiaty ro\u010dn\u00edk festivalu SPOZNAJME SVET v\u00a0miestnej kult\u00farnej s\u00e1le.<\/strong><\/p>\n<p>Toto podujatie tak u\u017e po dek\u00e1du pon\u00faka div\u00e1ckej verejnosti na filmovom pl\u00e1tne jednak amat\u00e9rske, ale aj profesion\u00e1lne filmov\u00e9, \u010di komentovan\u00e9 fotoreport\u00e1\u017ee takmer zo v\u0161etk\u00fdch kontinentov. Ve\u010der pln\u00fd z\u00e1\u017eitkov tradi\u010dne organizuj\u00fa Trampsk\u00e1 osada a\u00a0Partia Kantor, obec Sklabinsk\u00fd Podz\u00e1mok a obyvatelia obce i\u00a0cezpo\u013en\u00ed nad\u0161enci. Okrem dobrej pohody pri filmoch a\u00a0fotografi\u00e1ch sa jedn\u00e1 aj o\u00a0nev\u0161edn\u00fd gurm\u00e1nsky z\u00e1\u017eitok, nako\u013eko miestni gazdovia a\u00a0gazdinky ka\u017edoro\u010dne pripravia div\u00e1kom bohat\u00e9, nezi\u0161tn\u00e9 pohostenie \u2013 oblo\u017een\u00e9 misy, dom\u00e1ce kol\u00e1\u010de \u010di tepl\u00e9 aj studen\u00e9 n\u00e1poje. Prispievate\u013emi filmov\u00fdch z\u00e1\u017eitkov s\u00fa v\u00e4\u010d\u0161inou lok\u00e1lni autori, no festival hostil aj zn\u00e1me men\u00e1 ako horolezec Martin Gabl\u00edk, Jozef Kri\u0161toffy, \u010di Ras\u0165o Hatiar a\u00a0\u010fal\u0161\u00ed v\u00fdznamn\u00ed, zauj\u00edmav\u00ed hostia. Div\u00e1cka verejnos\u0165 sa tak za 10 rokov existencie festivalu mala mo\u017enos\u0165 prenies\u0165 od \u00c1lp, cez zasne\u017een\u00e9 Himal\u00e1je, bl\u00edzky aj \u010falek\u00fd v\u00fdchod, \u00c1ziu a\u00a0cel\u00fd americk\u00fd kontinent, ba aj nahliadnu\u0165 do Afriky na koles\u00e1ch \u017elt\u00fdch Trabantov cestovate\u013ea Dana P\u0159ib\u00e1\u0148a.<\/p>\n<p>Tento jubilejn\u00fd ve\u010der bolo mo\u017en\u00e9 sledova\u0165 filmov\u00e9 pr\u00edspevky Hory v\u00fdchodn\u00e9ho Turecka od Petra Uhr\u00edna, Ir\u00e1n objekt\u00edvom a\u00a0o\u010dami Michala Vajdu a\u00a0\u0160kandin\u00e1via od autora a\u00a0otca celej akcie Petra \u201ePi\u0161t\u00edka\u201c Ko\u0161\u00fata. V\u0161etky tri pr\u00edspevky boli odprezentovan\u00e9 ako spomienka na prv\u00fd ve\u010der akcie v\u00a0roku 2010, kedy ich mala mo\u017enos\u0165 zhliadnu\u0165 aj verejnos\u0165 po prv\u00fd kr\u00e1t.<\/p>\n<p>Po prest\u00e1vke sa premietal film Silvester na zrube Mo\u010didlo 2005\/2006, v\u00a0ktorom vystupuj\u00fa kamar\u00e1ti z T.O. Kantor a\u00a0Partie Kantor, \u010do by mil\u00e1 spomienka na \u010dasy zalo\u017eenia spom\u00ednanej miestnej osady. Napokon v\u00a0z\u00e1vere sa dostal na rad zostrihan\u00fd sn\u00edmok toho najlep\u0161ieho za 10 rokov festivalu z\u00a0n\u00e1zvom Rozpomienky. Po \u017erebovan\u00ed tomboly a\u00a0po\u010fakovan\u00ed autorovi my\u0161lienky Pi\u0161t\u00edkovi za fantastick\u00fdch 10 ve\u010derov pln\u00fdch dobrodru\u017estva a\u00a0spolo\u010dn\u00fdch radost\u00ed utu\u017een\u00e9ho kolekt\u00edvu div\u00e1kov aj organiza\u010dn\u00e9ho t\u00edmu, sa takmer ka\u017ed\u00fd rok o\u00a0hudobn\u00fd z\u00e1\u017eitok star\u00e1 Folk-Country-Bluegrassov\u00e1 form\u00e1cia \u201eSam a\u00a0spla\u0161en\u00ed kojoti\u201c, \u010do je \u00fa\u010delov\u00e9 zoskupenie muzikantov pre potreby podujatia, ktor\u00e9ho \u010dlenmi s\u00fa Jozef \u201eKon\u00edk\u201c \u017digmund &#8211; kontrabas, spev, Marek \u201eMard\u017eo\u201c Medl\u00edk &#8211; gitara, banjo, a\u00a0Tom\u00e1\u0161 \u201eBronco\u201c Ondrejkovi\u010d &#8211; gitara, spev a\u00a0ich hostia. (Dodnes sa \u010dlenovia skupiny nevedia zhodn\u00fa\u0165, kto z\u00a0nich je Sam a\u00a0kto spla\u0161en\u00ed kojoti &#8211; pozn. autora)<\/p>\n<p>Festival svojou hist\u00f3riou siaha do roku 2009, kedy sa uskuto\u010dnil nult\u00fd neverejn\u00fd ro\u010dn\u00edk, ktor\u00fd to cel\u00e9 od\u0161tartoval. Vtedy sa \u00fa\u010dastn\u00edci vr\u00e1tili z\u00a0cesty okolo sveta (a\u00a0\u010das\u0165 z\u00a0dobrodru\u017en\u00fdch potuliek po Ju\u017enej Amerike) pln\u00ed z\u00e1\u017eitkov. Aby odpadla nutnos\u0165 prerozpr\u00e1va\u0165 dobrodru\u017estv\u00e1 ka\u017ed\u00e9mu individu\u00e1lne, rozhodlo sa, \u017ee sa v\u0161etci z\u00eddu pod strechu s\u00e1ly KD v\u00a0Podz\u00e1mku a\u00a0tu sa cesta odprezentuje v\u0161etk\u00fdm naraz. To polo\u017eilo z\u00e1klady tejto trad\u00edcie, ktor\u00e1 trv\u00e1 do dne\u0161n\u00fdch dn\u00ed.<\/p>\n<p>Festival SPOZNAJME SVET sa tak pr\u00e1vom zaradil do \u0161irok\u00e9ho spektra kult\u00farno-turisticko-spolo\u010densk\u00fdch akci\u00ed organizovan\u00fdch obcou a\u00a0kamar\u00e1tmi zo\u00a0Sklabinsk\u00e9ho Podz\u00e1mku. Obyvatelia s\u00fa na\u0148 patri\u010dne hrd\u00ed a\u00a0t\u00e1to spolo\u010dn\u00e1 vec dokazuje, \u017ee aj v\u00a0malej dedinke v\u00a0tieni Sklabinsk\u00e9ho hradu a\u00a0Katovej skaly maj\u00fa \u013eudia ve\u013ek\u00e9, kreat\u00edvne, a\u00a0odv\u00e1\u017eim sa poveda\u0165 aj svetov\u00e9 srdce.<\/p>\n<p><strong><em>Tom\u00e1\u0161 \u201eBronco\u201c Ondrejkovi\u010d<\/em><\/strong><br \/>\nT.O. Kantor, Sklabinsk\u00fd Podz\u00e1mok<\/p>\n<p>retrospekt\u00edvne foto z uplynul\u00fdch ro\u010dn\u00edkov:<br \/>\n<div id=\"maxgallery-4484\" class=\"mg-image-tiles borderless\">\t<div class=\"mg-thumbs mg-fivecol\">\t\t<ul><li>\t<a  href='https:\/\/www.severka.online\/wp-content\/uploads\/2020\/02_spoznajmesvet\/01_spoznajmesvet.jpg' target='' rel='mg-rel-image-thumbs' title=''>\t\t<div class=\"\"><img loading=\"lazy\" decoding=\"async\" class=\"\" src=\"https:\/\/www.severka.online\/wp-content\/uploads\/2020\/02_spoznajmesvet\/01_spoznajmesvet-200x200.jpg\" width=\"200\" height=\"200\" alt=\"\u0160erif T.O. Kantor, HonTrt sa zvykne objavi\u0165 ako jeden z prv\u00fdch host\u00ed v h\u013eadisku\" title=\"\" \/>\t\t<\/div>\t<\/a><\/li><li>\t<a  href='https:\/\/www.severka.online\/wp-content\/uploads\/2020\/02_spoznajmesvet\/02_spoznajmesvet.jpg' target='' rel='mg-rel-image-thumbs' title=''>\t\t<div class=\"\"><img loading=\"lazy\" decoding=\"async\" class=\"\" src=\"https:\/\/www.severka.online\/wp-content\/uploads\/2020\/02_spoznajmesvet\/02_spoznajmesvet-200x200.jpg\" width=\"200\" height=\"200\" alt=\"Peter Uhr\u00edn - technick\u00e1 podpora festivalu a Peter Pi\u0161t\u00edk Ko\u0161\u00fat - otec festivalu\" title=\"\" \/>\t\t<\/div>\t<\/a><\/li><li>\t<a  href='https:\/\/www.severka.online\/wp-content\/uploads\/2020\/02_spoznajmesvet\/03_spoznajmesvet.jpg' target='' rel='mg-rel-image-thumbs' title=''>\t\t<div class=\"\"><img loading=\"lazy\" decoding=\"async\" class=\"\" src=\"https:\/\/www.severka.online\/wp-content\/uploads\/2020\/02_spoznajmesvet\/03_spoznajmesvet-200x200.jpg\" width=\"200\" height=\"200\" alt=\"dobrodruhovia Jozef Kri\u0161toffy a Michal Vajda\" title=\"\" \/>\t\t<\/div>\t<\/a><\/li><li>\t<a  href='https:\/\/www.severka.online\/wp-content\/uploads\/2020\/02_spoznajmesvet\/04_spoznajmesvet.jpg' target='' rel='mg-rel-image-thumbs' title=''>\t\t<div class=\"\"><img loading=\"lazy\" decoding=\"async\" class=\"\" src=\"https:\/\/www.severka.online\/wp-content\/uploads\/2020\/02_spoznajmesvet\/04_spoznajmesvet-200x200.jpg\" width=\"200\" height=\"200\" alt=\"div\u00e1cka verejnos\u0165\" title=\"\" \/>\t\t<\/div>\t<\/a><\/li><li>\t<a  href='https:\/\/www.severka.online\/wp-content\/uploads\/2020\/02_spoznajmesvet\/05_spoznajmesvet.jpg' target='' rel='mg-rel-image-thumbs' title=''>\t\t<div class=\"\"><img loading=\"lazy\" decoding=\"async\" class=\"\" src=\"https:\/\/www.severka.online\/wp-content\/uploads\/2020\/02_spoznajmesvet\/05_spoznajmesvet-200x200.jpg\" width=\"200\" height=\"200\" alt=\"festival v plnom pr\u00fade\" title=\"\" \/>\t\t<\/div>\t<\/a><\/li><li>\t<a  href='https:\/\/www.severka.online\/wp-content\/uploads\/2020\/02_spoznajmesvet\/06_spoznajmesvet.jpg' target='' rel='mg-rel-image-thumbs' title=''>\t\t<div class=\"\"><img loading=\"lazy\" decoding=\"async\" class=\"\" src=\"https:\/\/www.severka.online\/wp-content\/uploads\/2020\/02_spoznajmesvet\/06_spoznajmesvet-200x200.jpg\" width=\"200\" height=\"200\" alt=\"pohostenie pripraven\u00e9 miestnymi \u0161ikovn\u00fdmi gazdinkami\" title=\"\" \/>\t\t<\/div>\t<\/a><\/li><li>\t<a  href='https:\/\/www.severka.online\/wp-content\/uploads\/2020\/02_spoznajmesvet\/07_spoznajmesvet.jpg' target='' rel='mg-rel-image-thumbs' title=''>\t\t<div class=\"\"><img loading=\"lazy\" decoding=\"async\" class=\"\" src=\"https:\/\/www.severka.online\/wp-content\/uploads\/2020\/02_spoznajmesvet\/07_spoznajmesvet-200x200.jpg\" width=\"200\" height=\"200\" alt=\"cestovate\u013e a horolezec Martin Gabl\u00edk je na\u0161ou krvnou skupinou, od roku 2012 je \u010destn\u00fd \u010dlen T.O. Kantor\" title=\"\" \/>\t\t<\/div>\t<\/a><\/li><li>\t<a  href='https:\/\/www.severka.online\/wp-content\/uploads\/2020\/02_spoznajmesvet\/08_spoznajmesvet.jpg' target='' rel='mg-rel-image-thumbs' title=''>\t\t<div class=\"\"><img loading=\"lazy\" decoding=\"async\" class=\"\" src=\"https:\/\/www.severka.online\/wp-content\/uploads\/2020\/02_spoznajmesvet\/08_spoznajmesvet-200x200.jpg\" width=\"200\" height=\"200\" alt=\"skupina Sam a spla\u0161en\u00ed kojoti\" title=\"\" \/>\t\t<\/div>\t<\/a><\/li><li>\t<a  href='https:\/\/www.severka.online\/wp-content\/uploads\/2020\/02_spoznajmesvet\/09_spoznajmesvet.jpg' target='' rel='mg-rel-image-thumbs' title=''>\t\t<div class=\"\"><img loading=\"lazy\" decoding=\"async\" class=\"\" src=\"https:\/\/www.severka.online\/wp-content\/uploads\/2020\/02_spoznajmesvet\/09_spoznajmesvet-200x200.jpg\" width=\"200\" height=\"200\" alt=\"Sam a spla\u0161en\u00ed kojoti roztancovali n\u00e1v\u0161tevn\u00edkov\" title=\"\" \/>\t\t<\/div>\t<\/a><\/li>\t\t<\/ul>\t\t<div class=\"clear\"><\/div>\t<\/div>\t<span style=\"display: none;\" class=\"hidden-image-tiles-gallery-id\">4484<\/span>\t<span style=\"display: none;\" class=\"hidden-lightbox-skin\"><\/span>\t<span style=\"display: none;\" class=\"hidden-lightbox-effect\"><\/span>\t<span style=\"display: none;\" class=\"hidden-lightbox-kb-nav\">false<\/span>\t<span style=\"display: none;\" class=\"hidden-lightbox-img-click-close\">false<\/span>\t<span style=\"display: none;\" class=\"hidden-lightbox-ol-click-close\">false<\/span>\t<span style=\"display: none;\" class=\"hidden-lightbox-close-tip-text\"><\/span>\t<span style=\"display: none;\" class=\"hidden-lightbox-next-tip-text\"><\/span>\t<span style=\"display: none;\" class=\"hidden-lightbox-prev-tip-text\"><\/span>\t<span style=\"display: none;\" class=\"hidden-lightbox-error-tip-text\"><\/span><\/div><\/p>\n","protected":false},"excerpt":{"rendered":"<p>Sklabinsk\u00fd Podz\u00e1mok, 1. 2. 2020 V\u00a0jednej z\u00a0najmen\u0161\u00edch, no zato ur\u010dite najmalebnej\u0161\u00edch obc\u00ed Turca, v\u00a0Sklabinskom Podz\u00e1mku, v\u00a0\u00fadol\u00ed Kantorskej S\u00e1zavy, ako zvykn\u00fa naz\u00fdva\u0165 svoj raj\u00f3n miestni entuziasti z Trampskej osady Kantor, sa v\u00a0prv\u00fa febru\u00e1rov\u00fa sobotu roku 2020 uskuto\u010dnil u\u017e desiaty ro\u010dn\u00edk festivalu SPOZNAJME SVET v\u00a0miestnej kult\u00farnej s\u00e1le. Toto podujatie tak u\u017e po dek\u00e1du pon\u00faka div\u00e1ckej verejnosti na filmovom pl\u00e1tne jednak amat\u00e9rske, ale aj profesion\u00e1lne filmov\u00e9, \u010di komentovan\u00e9 fotoreport\u00e1\u017ee takmer zo v\u0161etk\u00fdch kontinentov. Ve\u010der pln\u00fd z\u00e1\u017eitkov tradi\u010dne organizuj\u00fa Trampsk\u00e1 osada a\u00a0Partia Kantor, obec Sklabinsk\u00fd Podz\u00e1mok a obyvatelia obce i\u00a0cezpo\u013en\u00ed nad\u0161enci. Okrem dobrej pohody pri filmoch a\u00a0fotografi\u00e1ch sa jedn\u00e1 aj o\u00a0nev\u0161edn\u00fd gurm\u00e1nsky z\u00e1\u017eitok, nako\u013eko&#8230;<\/p>\n<p> <a class=\"continue-reading-link\" href=\"https:\/\/www.severka.online\/index.php\/2020\/02\/09\/festival-spoznajme-svet\/\"><span>Pokra\u010dovanie \u010dl\u00e1nku<\/span><i class=\"crycon-right-dir\"><\/i><\/a> <\/p>\n","protected":false},"author":1,"featured_media":0,"comment_status":"closed","ping_status":"closed","sticky":false,"template":"","format":"standard","meta":{"footnotes":""},"categories":[2,7],"tags":[38,28],"class_list":["post-4485","post","type-post","status-publish","format-standard","hentry","category-akcie","category-rozne","tag-rozne","tag-zazitky"],"_links":{"self":[{"href":"https:\/\/www.severka.online\/index.php\/wp-json\/wp\/v2\/posts\/4485","targetHints":{"allow":["GET"]}}],"collection":[{"href":"https:\/\/www.severka.online\/index.php\/wp-json\/wp\/v2\/posts"}],"about":[{"href":"https:\/\/www.severka.online\/index.php\/wp-json\/wp\/v2\/types\/post"}],"author":[{"embeddable":true,"href":"https:\/\/www.severka.online\/index.php\/wp-json\/wp\/v2\/users\/1"}],"replies":[{"embeddable":true,"href":"https:\/\/www.severka.online\/index.php\/wp-json\/wp\/v2\/comments?post=4485"}],"version-history":[{"count":2,"href":"https:\/\/www.severka.online\/index.php\/wp-json\/wp\/v2\/posts\/4485\/revisions"}],"predecessor-version":[{"id":4487,"href":"https:\/\/www.severka.online\/index.php\/wp-json\/wp\/v2\/posts\/4485\/revisions\/4487"}],"wp:attachment":[{"href":"https:\/\/www.severka.online\/index.php\/wp-json\/wp\/v2\/media?parent=4485"}],"wp:term":[{"taxonomy":"category","embeddable":true,"href":"https:\/\/www.severka.online\/index.php\/wp-json\/wp\/v2\/categories?post=4485"},{"taxonomy":"post_tag","embeddable":true,"href":"https:\/\/www.severka.online\/index.php\/wp-json\/wp\/v2\/tags?post=4485"}],"curies":[{"name":"wp","href":"https:\/\/api.w.org\/{rel}","templated":true}]}}