{"id":4651,"date":"2020-04-25T00:11:25","date_gmt":"2020-04-24T22:11:25","guid":{"rendered":"http:\/\/www.severka.online\/?p=4651"},"modified":"2020-04-25T00:15:17","modified_gmt":"2020-04-24T22:15:17","slug":"corona-stories","status":"publish","type":"post","link":"https:\/\/www.severka.online\/index.php\/2020\/04\/25\/corona-stories\/","title":{"rendered":"Corona stories"},"content":{"rendered":"<p><strong>Tento rok k\u00a0n\u00e1m, sk\u00f4r ako jar, zav\u00edtala pand\u00e9mia korona v\u00edrusu. Pozna\u010dila na\u0161e \u017eivoty, be\u017en\u00e9 fungovanie v\u00a0civilnom aj trampskom \u017eivote. Ale to pozn\u00e1me a\u00a0za\u017e\u00edvame na vlastnej ko\u017ei. V\u00a0nasleduj\u00facich riadkoch v\u00e1m prin\u00e1\u0161ame pr\u00edbehy \u013eud\u00ed, ktor\u00ed vandruj\u00fa alebo trvalo \u017eij\u00fa v\u00a0\u010falekej cudzine.<\/strong><br \/>\n<strong>Svoju anab\u00e1zu pri n\u00e1vrate z\u00a0Kuby popisuje Hanka Hosnedlov\u00e1, T.O. Zlat\u00e1 kotva (\u010cesk\u00e9 Bud\u011bjovice), spisovate\u013eka, novin\u00e1rka, autorka aj porotky\u0148a Trapsavca. Ve\u013ekono\u010dn\u00e9 zvyky vo svojej novej domovine \u2013 Austr\u00e1lii, pribli\u017euje Marta Pelda Pelik\u00e1nov\u00e1, publicistka, cestovate\u013eka, poetka aj prozai\u010dka, p\u00f4vodne z\u00a0\u010ceskej T\u0159ebovej (T.O. Nez\u00e1visl\u00fd Westmen). A\u00a0nakoniec cestoval po \u00c1zii s\u00a0koronou Tibor B\u00e1tovsk\u00fd, kamar\u00e1t, ktor\u00e9ho m\u00f4\u017eete stretn\u00fa\u0165 aj na potulk\u00e1ch \u00a0Slovenskom, v\u00a0okol\u00ed rodn\u00fdch Lev\u00edc, v\u00a0Ha\u010fom \u00fadol\u00ed alebo vidie\u0165 napr\u00edklad na Haluzov\u00fdch fotk\u00e1ch.<\/strong><\/p>\n<p>&nbsp;<\/p>\n<h3>Anab\u00e1ze<\/h3>\n<p><em><strong>Hanka Hosnedlov\u00e1<\/strong><\/em><\/p>\n<p><img loading=\"lazy\" decoding=\"async\" class=\"size-medium wp-image-4648 alignleft\" src=\"https:\/\/www.severka.online\/wp-content\/uploads\/2020\/04_koronastories\/p_hanka-219x300.jpg\" alt=\"\" width=\"219\" height=\"300\" \/>Kdy\u017e jsem koncem \u00fanora odl\u00e9tala na Kubu, byla jsem pln\u00e1 dychtivosti po nov\u00fdch z\u00e1\u017eitc\u00edch. Netu\u0161ila jsem, \u017ee k nim bude pat\u0159it i necht\u011bn\u00e9 dobrodru\u017estv\u00ed s dramatick\u00fdm p\u0159ed\u010dasn\u00fdm n\u00e1vratem.<\/p>\n<p>Zpr\u00e1va o ru\u0161en\u00ed let\u016f, zav\u00edr\u00e1n\u00ed leti\u0161\u0165 a hranic zem\u00ed mne a kamar\u00e1dku Bobinu zastihlo na v\u00fdchod\u011b Kuby v m\u011bste\u010dku Baracoa uprost\u0159ed n\u00e1dhern\u00e9 tropick\u00e9 p\u0159\u00edrody. Rozhodly jsme se sehnat l\u00edstky na d\u00e1lkov\u00fd spoj a drkotat se celou noc a dal\u0161\u00ed p\u016flden v autobusu s p\u0159edimenzovanou klimatizac\u00ed do Varadera. To jsme si ani neu\u017eily, proto\u017ee situace houstla a bylo nutn\u00e9 p\u0159esunout se (tentokr\u00e1t na l\u00edstky n\u011bjak\u00fdch mexick\u00fdch turist\u016f) do Havany, kde jsou ve\u0161ker\u00e9 \u00fa\u0159ady a instituce.<\/p>\n<p>Na Kub\u011b jsme byly individu\u00e1ln\u011b, jen s b\u00e1glem a bez jak\u00e9hokoliv dal\u0161\u00edho zaji\u0161t\u011bn\u00ed. Tak\u017ee jsme se musely o sebe postarat samy. Prvn\u00edm krokem bylo p\u0159ebukov\u00e1n\u00ed letenek, kter\u00e9 jsme m\u011bly vystaven\u00e9 a\u017e na konec b\u0159ezna. Spole\u010dnost Air Canada, na kterou jsme m\u011bly p\u016fvodn\u00ed letenky a na n\u00ed\u017e jsme se se tedy obr\u00e1tily, m\u011bla na z\u00e1znamn\u00edku omluvn\u00fd vzkaz, \u017ee lituj\u00ed, ale \u017ee toho maj\u00ed nyn\u00ed hodn\u011b a abychom se se sv\u00fdmi po\u017eadavky obraceli na sv\u00e9 cestovn\u00ed agentury. Stejn\u00e1 slova jsme sly\u0161eli pop\u00e1t\u00e9, po\u0161est\u00e9, podes\u00e1t\u00e9&#8230; Obdobn\u011b jsme dopadly i p\u0159i hled\u00e1n\u00ed jejich kancel\u00e1\u0159e.<\/p>\n<p>Vyhledaly jsme po del\u0161\u00edm bloud\u011bn\u00ed \u010desk\u00fd konzul\u00e1t v Havan\u011b spole\u010dn\u011b s dal\u0161\u00edm \u010desk\u00fdm turistou.\u00a0 Nejd\u0159\u00edve n\u00e1s nechali st\u00e1t nekone\u010dn\u00e9 minuty u zamknut\u00fdch vr\u00e1tek do zahrady konzul\u00e1tu, kdy s n\u00e1mi asi t\u0159ikr\u00e1t vracela sekret\u00e1\u0159ka s t\u00edm, \u017ee pan\u00ed konzulka telefonuje a \u017ee n\u00e1s nyn\u00ed nem\u016f\u017ee p\u0159ijmout. Nevzdali jsme to a nakonec se v\u0161ichni dovnit\u0159 p\u0159ece jen dostali. Pan\u00ed konzulka byla mil\u00e1 a sna\u017eila se n\u00e1m v\u011bnovat, ale v podstat\u011b o konkr\u00e9tn\u00edm v\u00fdvoji situace v\u011bd\u011bla snad je\u0161t\u011b m\u00e9n\u011b ne\u017e my. Jedin\u00e9, co pro n\u00e1s mohla ud\u011blat, \u017ee jsme se zapsali i s kontakty do jejich seznamu. Zavolali mi, a\u017e kdy\u017e jsem byla u\u017e asi t\u0159et\u00ed den doma&#8230;<\/p>\n<p>Dob\u0159e nedopadla ani snaha moj\u00ed p\u0159\u00edtelkyn\u011b, kter\u00e1 \u017eije v Austr\u00e1lii, z\u00edskat na konzul\u00e1tu potvrzen\u00ed o \u010desk\u00e9m ob\u010danstv\u00ed. Byla vy\u0161krtnuta ze syst\u00e9mu, proto\u017ee si doklady p\u0159ed \u010dasem znovu nezaregistrovala. Pon\u011bkud povzbudiv\u011bji dopadlo jej\u00ed jedn\u00e1n\u00ed na australsk\u00e9m zastupitelstv\u00ed p\u0159i kanadsk\u00e9 ambas\u00e1d\u011b.<\/p>\n<p>Zavolala jsem tedy do bud\u011bjovick\u00e9ho \u010cedoku, p\u0159es kter\u00fd jsem kupovala p\u016fvodn\u00ed letenky. Doty\u010dn\u00e1 \u00fa\u0159ednice tam sice nebyla, ale jej\u00ed kolegyn\u011b n\u00e1m poskytla jej\u00ed soukrom\u00e9 \u010d\u00edslo. Po zavol\u00e1n\u00ed n\u00e1m bylo nejd\u0159\u00edve doporu\u010deno, abychom kontaktovaly Air Canada, ale po vysv\u011btlen\u00ed okolnost\u00ed se n\u00e1s pan\u00ed ochotn\u011b ujala a sna\u017eila se opravdu nadstandardn\u011b pomoci. Prvn\u00ed letenky, kter\u00e9 jsme si z jej\u00ed mailov\u00e9 nab\u00eddky vybraly, byly u\u017e po n\u011bkolika hodin\u00e1ch bu\u010f obsazen\u00e9 nebo zru\u0161en\u00e9. Komunikaci pochopiteln\u011b pon\u011bkud komplikoval i \u010dasov\u00fd posun. Ale po dal\u0161\u00ed nab\u00eddce n\u00e1m byly vystaven\u00e9 letenky p\u0159es Toronto, Frankfurt, V\u00edde\u0148 \u2013 Praha u\u017e byla mimo hru. Ty jsme si musely nechat vytisknout v luxusn\u00edm hotelu a v\u00edc ne\u017e dva dny trnuly, aby nebyly zase zru\u0161eny. Ale do\u010dkaly jsme se a brzy r\u00e1no z Havany odlet\u011bly.<\/p>\n<p>V Torontu jsme m\u011bly sedm hodin pauzu a necelou hodinu p\u0159ed odletem hl\u00e1sili, \u017ee ti, kte\u0159\u00ed nejsou obyvateli schengensk\u00e9ho prostoru, nemohou v letu pokra\u010dovat. Mezi jmenovan\u00fdmi byla i m\u00e1 kamar\u00e1dka, a\u010dkoliv m\u011bla zabukovan\u00fd let, ale nikoliv letenku, z V\u00eddn\u011b do Melbourne. Musela jsem odlet\u011bt sama. Posl\u00e9ze jsem se dozv\u011bd\u011bla, \u017ee Air Canada j\u00ed poskytla zdarma let do Lond\u00fdna. Odtud m\u011bla odlet\u011bt druh\u00fd den, ale poda\u0159ilo se j\u00ed jako z\u00e1zrakem z\u00edskat posledn\u00ed l\u00edstek do letadla, kter\u00e9 odl\u00e9talo za hodinu. P\u0159es Dubaj se pak dostala dom\u016f, jenom\u017ee tohle v\u0161echno jsem se dozv\u011bd\u011bla a\u017e za dva dny pln\u00e9 nervov\u00e1n\u00ed a dohad\u016f.<\/p>\n<p>J\u00e1 sice p\u0159es Frankfurt dolet\u011bla do V\u00eddn\u011b, ale je\u0161t\u011b nebylo vyhr\u00e1no. Nechali n\u00e1s dlouh\u00e9 minuty st\u00e1t u v\u00fdchodu a vyplnit formul\u00e1\u0159, odkud a p\u0159es kter\u00e9 zem\u011b jsme let\u011bli, kam jdeme, kde n\u00e1s najdou atd. A s prohl\u00e1\u0161en\u00edm o karant\u00e9n\u011b. P\u0159es V\u00edde\u0148, kter\u00e1 v kr\u00e1sn\u00e9m tepl\u00e9m dni vypadala pohodov\u011b a bez rou\u0161ek, jako by se j\u00ed coronavir net\u00fdkal, jsem se po mnoh\u00e9m vypt\u00e1v\u00e1n\u00ed dostala na n\u00e1dra\u017e\u00ed Franze Josefa. Lidupr\u00e1zdn\u00e9! Nikde nikdo \u2013 ani informace, ani prodej l\u00edstk\u016f, jen dva automaty. Vycvakala jsem si tedy seniorsk\u00fd l\u00edstek do Gm\u00fcndu a usedla do modern\u00edho, op\u011bt lidupr\u00e1zdn\u00e9ho vlaku. Pr\u016fvod\u010d\u00ed mne nekontroloval a kdy\u017e jsem ho t\u011bsn\u011b p\u0159ed c\u00edlovou stanic\u00ed odchytla, rezolutn\u011b prohl\u00e1sil, \u017ee mne \u010ce\u0161i p\u0159es hranice nepust\u00ed. Nem\u011bla jsem ale na v\u00fdb\u011br. Vydala jsem se p\u0159es Gm\u00fcnd p\u011b\u0161ky k hranic\u00edm. Rakousk\u00e1 strana m\u011bla objekty zav\u0159en\u00e9, na na\u0161\u00ed stran\u011b jsem zastihla t\u0159i mu\u017ee v uniform\u00e1ch. Po prok\u00e1z\u00e1n\u00ed se letenkou a pasem mne vpustili p\u0159es \u010d\u00e1ru. Nicm\u00e9n\u011b jsem byla rozhodnut\u00e1, \u017ee v p\u0159\u00edpad\u011b zam\u00edtnut\u00ed obejdu celnici p\u0159es louky &#8211; dr\u00e1ty u\u017e nejsou a psy jsem taky nikde nevid\u011bla. Do\u0161la jsem do centra \u010cesk\u00fdch Velenic a odtud u\u017e mne odvezl man\u017eel.<\/p>\n<p>Ani tady ale probl\u00e9my nekon\u010d\u00ed. Desetikilov\u00e1 krosna m\u00e9 spolucestuj\u00edc\u00ed nebyla toti\u017e v Torontu p\u0159elo\u017een\u00e1 do Lond\u00fdna, ale putovala, ani\u017e bych to v\u011bd\u011bla, se mnou do V\u00eddn\u011b. J\u00e1 toti\u017e m\u011bla sv\u00e9 zavazadlo \u2013 ani ne p\u011btikilov\u00fd batoh s sebou v letadle. Tak\u017ee te\u010f tr\u010d\u00ed n\u011bkde ve V\u00eddni a nevypad\u00e1 to, \u017ee by se n\u00e1m poda\u0159ilo dostat ji alespo\u0148 do Bud\u011bjovic.<\/p>\n<p>Bylo to n\u00e1ro\u010dn\u00e9 na nervy i v\u00fddr\u017e, jsem \u0161\u0165astn\u00e1, \u017ee jsem doma, t\u0159eba\u017ee v p\u0159\u00edsn\u00e9 karant\u00e9n\u011b. Kdy\u017e se mne ale p\u0159\u00e1tel\u00e9 ptali, jestli mne to vytrestalo a p\u0159estanu s t\u00edm cestov\u00e1n\u00edm nadivoko, k\u00fdvnout jsem nedok\u00e1zala&#8230;<\/p>\n<p><a href=\"https:\/\/www.severka.online\/wp-content\/uploads\/2020\/04_koronastories\/hanka_2465.jpg\"><img loading=\"lazy\" decoding=\"async\" class=\"alignnone wp-image-4631\" src=\"https:\/\/www.severka.online\/wp-content\/uploads\/2020\/04_koronastories\/hanka_2465-300x225.jpg\" alt=\"\" width=\"200\" height=\"150\" \/><\/a> <a href=\"https:\/\/www.severka.online\/wp-content\/uploads\/2020\/04_koronastories\/hanka_hemingway.jpg\"><img loading=\"lazy\" decoding=\"async\" class=\"alignnone wp-image-4632\" src=\"https:\/\/www.severka.online\/wp-content\/uploads\/2020\/04_koronastories\/hanka_hemingway-300x263.jpg\" alt=\"\" width=\"171\" height=\"150\" \/><\/a> <a href=\"https:\/\/www.severka.online\/wp-content\/uploads\/2020\/04_koronastories\/hanka_baracoa.jpg\"><img loading=\"lazy\" decoding=\"async\" class=\"alignnone wp-image-4633\" src=\"https:\/\/www.severka.online\/wp-content\/uploads\/2020\/04_koronastories\/hanka_baracoa-211x300.jpg\" alt=\"\" width=\"105\" height=\"150\" \/><\/a> <a href=\"https:\/\/www.severka.online\/wp-content\/uploads\/2020\/04_koronastories\/hanka_trinidad.jpg\"><img loading=\"lazy\" decoding=\"async\" class=\"alignnone wp-image-4634\" src=\"https:\/\/www.severka.online\/wp-content\/uploads\/2020\/04_koronastories\/hanka_trinidad-191x300.jpg\" alt=\"\" width=\"95\" height=\"150\" \/><\/a> <a href=\"https:\/\/www.severka.online\/wp-content\/uploads\/2020\/04_koronastories\/hanka_fidel.jpg\"><img loading=\"lazy\" decoding=\"async\" class=\"alignnone wp-image-4635\" src=\"https:\/\/www.severka.online\/wp-content\/uploads\/2020\/04_koronastories\/hanka_fidel-300x225.jpg\" alt=\"\" width=\"200\" height=\"150\" \/><\/a><\/p>\n<p><em>foto: Hanka a Bobina<\/em><\/p>\n<p>&nbsp;<\/p>\n<h3>Poml\u00e1zka s Australanem<strong><br \/>\n<\/strong><\/h3>\n<p><em><strong>\u00a0Marta Pelda Pelik\u00e1nov\u00e1<\/strong><\/em><\/p>\n<p><em><img loading=\"lazy\" decoding=\"async\" class=\"size-medium wp-image-4649 alignleft\" src=\"https:\/\/www.severka.online\/wp-content\/uploads\/2020\/04_koronastories\/p_pelda-220x300.jpg\" alt=\"\" width=\"220\" height=\"300\" \/>Velk\u00fd p\u00e1tek &#8211; otv\u00edr\u00e1n\u00ed poklad\u016f<br \/>\n<\/em><em>otev\u0159ete svoje srdce a s\u00e1hn\u011bte do skladu&#8230;<\/em><\/p>\n<p>Kdy\u017e jsem si p\u0159ed dvan\u00e1cti lety brala za mu\u017ee \u010distokrevn\u00e9ho Australana, pokl\u00e1dal n\u00e1\u0161 pohansk\u00fd, velikono\u010dn\u00ed zvyk za barbarstv\u00ed na \u00farovni indi\u00e1nsk\u00e9ho skalpov\u00e1n\u00ed nebo guinejsk\u00e9ho lido\u017eroutstv\u00ed. Nic nepomohly moje p\u0159edn\u00e1\u0161ky o t\u011b\u017ekosti naj\u00edt v brzk\u00e9m ja\u0159e zelen\u00fd proutek, o \u010derstv\u00e9 m\u00edze, kter\u00e1 pod slabou\u010dkou k\u016frou za\u010d\u00edn\u00e1 pr\u00fd\u0161tit. Nezabraly ani n\u00e1zorn\u00e9 uk\u00e1zky, jak ta \u017eivotod\u00e1rn\u00e1 m\u00edza p\u0159i tom \u0161leh\u00e1n\u00ed proud\u00ed do t\u011bla mrskan\u00e9 \u017eeny. A pov\u00eddky o tom, \u017ee vlastn\u011b kluk mus\u00ed uk\u00e1zat \u0161ikovnost upletenou poml\u00e1zkou a d\u00edvka n\u00e1dhernou kraslic\u00ed, aby se zal\u00edbili jeden druh\u00e9mu, na to \u00fapln\u011b ka\u0161lal, proto\u017ee on u\u017e si svoji ko\u0159ist ulovil. Nevy\u0161lehal m\u011b, ani kdy\u017e to od m\u00e9ho br\u00e1chy dostal emailov\u00fdm p\u0159\u00edkazem.<\/p>\n<p>Jen\u017ee pak se mnou za\u010dal jezdit na Celoaustralsk\u00e9 potlachy \u010deskoslovensk\u00fdch tramp\u016f tady u protino\u017ec\u016f. Ty jsou ji\u017e pades\u00e1t let v\u017edy na Velikonoce, a i kdy\u017e je tady podzim, tam v bu\u0161i se \u010desk\u00e9, jarn\u00ed zvyky fest dodr\u017euj\u00ed. Tak\u017ee j\u00e1 jsem barvila a malovala vaj\u00ed\u010dka a jeho si vzali do par\u00e1dy kamar\u00e1di. A poprv\u00e9 i br\u00e1cha, kter\u00fd se ob\u011btoval, a abych neuschla, na potlach p\u0159ilet\u011bl. Ten rok se David opravdu p\u0159ekonal a provedl jak\u00e9si nesm\u011bl\u00e9 \u0161imr\u00e1n\u00ed v\u011btvi\u010dkou po m\u00e9 zadnici a po pozad\u00ed jen t\u011bch nejbl\u00ed\u017ee kempuj\u00edc\u00edch kamar\u00e1dek.<\/p>\n<p>Postupem rok\u016f se nau\u010dil pl\u00e9st jednoduchou poml\u00e1zku z v\u011btv\u00ed eukalypt\u016f. A zr\u00fdmoval si koledu v angli\u010dtin\u011b, kter\u00e1 v\u011bt\u0161inu \u017eensk\u00fdch zna\u010dn\u011b vyd\u011bsila, neb jim p\u0159\u00e1l hodn\u011b d\u011bt\u00ed, proto\u017ee si st\u00e1le pamatoval tu do hlavy vtloukanou jarn\u00ed plodnost. V tlup\u011b s ostatn\u00edmi lovci mamut\u016f si hrd\u011b bral od jeskyn\u011bk malovan\u00e1 vejce a v\u00e1zal si pentli\u010dky na poml\u00e1zku. A jak cel\u00fd rok nepije alkohol, tak zvl\u00e1dnul, n\u011bkdy l\u00e9pe n\u011bkdy h\u016f\u0159e, dr\u017eet krok s kamar\u00e1dy i v tomhle.<br \/>\nA oni se mu sm\u00e1li:<br \/>\n\u201eP\u0159ed p\u00e1r lety jsi n\u00e1m tady p\u0159edn\u00e1\u0161el o dom\u00e1c\u00edm n\u00e1sil\u00ed, a te\u010f hon\u00ed\u0161 baby po lese jak nadr\u017eenej klokan.\u201c<br \/>\nOn jim se sm\u00edchem odpov\u00eddal:<br \/>\n\u201eJak\u00fd dom\u00e1c\u00ed n\u00e1sil\u00ed kdy\u017e nejsme doma?!\u201c<\/p>\n<p>Tak to bylo cel\u00e9 na\u0161e, \u0161\u0165astn\u00e9 man\u017eelstv\u00ed. A\u017e do leto\u0161ka. Z\u00e1kaz shroma\u017e\u010fov\u00e1n\u00ed n\u00e1s zpo\u010d\u00e1tku jen trochu znerv\u00f3zn\u011bl a d\u011blali jsme si srandu, kterak budeme u ohn\u011b sed\u011bt v rozestupech jak na spartaki\u00e1d\u011b. Jen\u017ee potom zav\u0159eli hranice mezi st\u00e1ty. Nejprve lehce, ale s bl\u00ed\u017e\u00edc\u00edmi se dny volna p\u0159itvrdili a postavili betonov\u00e9 z\u00e1tarasy. Jeli jsme se tam pod\u00edvat. Vzpom\u00ednala jsem, jak m\u011b na \u0160umav\u011b za mlada honili pohrani\u010dn\u00edci se psama, kdy\u017e jsem si zkr\u00e1tila cestu mezi \u010cern\u00fdm a \u010certov\u00fdm jezerem. Tak zl\u00e9 to tady je\u0161t\u011b nen\u00ed, elektrick\u00fd plot jsem nevid\u011bla, mo\u017en\u00e1 tul\u00e1k s matyldou by lesem proklouzl. Ale do t\u011bch na\u0161ich kr\u00e1sn\u00fdch Hn\u011bd\u00fdch hor by klouzal asi tak dva m\u011bs\u00edce. Potlach jsme odvolali. Na\u0161t\u011bst\u00ed, proto\u017ee situace se je\u0161t\u011b p\u0159ipep\u0159ila a ministr zdravotnictv\u00ed dokonce varoval, \u017ee o sv\u00e1tc\u00edch m\u00e1 povoleno vyl\u00e9zt na ulici jenom velikono\u010dn\u00ed kr\u00e1l\u00ed\u010dek, proto\u017ee pracuje s\u00e1m. V\u0161ichni ostatn\u00ed maj\u00ed dom\u00e1c\u00ed v\u011bzen\u00ed.<\/p>\n<p>V sobotu budeme u n\u00e1s na dvorku d\u011blat ohe\u0148. Vlajku asi vynech\u00e1me. David te\u010f u\u017e stejn\u011b v\u00ed, \u017ee na ni mus\u00ed st\u00e1t, sundat \u010depici a b\u00fdt ticho. V\u00fduka skon\u010dila. Jen se zeptal, jestli bude moct op\u00e9kat p\u00e1rky nebo jestli to bude, jak on \u0159\u00edk\u00e1 \u201esvat\u00fd ohe\u0148\u201c. Tak\u017ee bude bu\u0159\u0165\u00e1k typu \u201epromi\u0148 Fredy\u201c, \u010daj s rumem, gul\u00e1\u0161ov\u00e1 pol\u00edvka z pytl\u00edku a k tomu bude hr\u00e1t internet\u00ed Country r\u00e1dio, jeho\u017e zn\u011blku dnes znaj\u00ed v\u0161ichni moji soused\u00e9. A budeme na V\u00e1s vzpom\u00ednat a t\u011b\u0161it se na p\u0159\u00ed\u0161t\u011b.<\/p>\n<p>No a v pond\u011bl\u00ed budu h\u00f3dn\u011b litovat, \u017ee jsem ho ten blbej, \u010deskej zvyk nau\u010dila, proto\u017ee to m\u016fj zadek odnese za v\u0161echny nep\u0159\u00edtomn\u00e9. Dob\u0159e jsem si dneska p\u0159i ofici\u00e1ln\u011b povolen\u00e9 proch\u00e1zce v\u0161imla, jak se d\u00edval se zal\u00edben\u00edm na jeden stromek, kter\u00fd m\u011bl \u0161t\u00edhl\u00e9 v\u011bt\u00e9vky.<\/p>\n<p>Pokud byste se nudili, nebo u v\u00e1s za\u010d\u00ednala ponorka, m\u016f\u017eete se na chv\u00edli zabavit \u010dten\u00edm p\u00edsmenek na na\u0161em webu <a href=\"http:\/\/www.petrpetra.net\">www.petrpetra.net<\/a>. Ano, dobrovoln\u011b \u017eijeme v technick\u00e9m prav\u011bku, m\u00e1me jen email a webov\u00e9 str\u00e1nky. Nefunguje n\u00e1m Skype, nevlastn\u00edme moudr\u00fd telefon, nem\u00e1me FB, Instagram ani jin\u00e9 asoci\u00e1ln\u00ed s\u00edt\u011b. Ale zato V\u00e1s m\u00e1me r\u00e1di a mysl\u00edme na V\u00e1s.<\/p>\n<p>M\u011bjte se a sm\u011bjte se a mejte se<br \/>\nMarta Pelda Pelik\u00e1nov\u00e1 i za Davida, kter\u00fd si na\u0161t\u011bst\u00ed tenhle v\u00fdtvor nem\u016f\u017ee p\u0159e\u010d\u00edst, to by jist\u011b p\u0159itla\u010dil&#8230;<\/p>\n<p>ps &#8211; P\u0159ipojuji p\u00e1r momentek z potlachu 2018. A jednu fotku z lo\u0148ska, kde u\u017e se David vypracoval natolik, \u017ee poml\u00e1zkov\u00e1n\u00ed bral \u0161mahem pl\u00e1ca\u010dkou na mouchy a se\u0159ezal i \u017danka, proto\u017ee pr\u00fd po\u0159\u00e1d mele hubou jako \u017eensk\u00e1.<\/p>\n<p><a href=\"https:\/\/www.severka.online\/wp-content\/uploads\/2020\/04_koronastories\/pelda_01.jpg\"><img loading=\"lazy\" decoding=\"async\" class=\"alignnone wp-image-4636\" src=\"https:\/\/www.severka.online\/wp-content\/uploads\/2020\/04_koronastories\/pelda_01-300x211.jpg\" alt=\"\" width=\"213\" height=\"150\" \/><\/a> <a href=\"https:\/\/www.severka.online\/wp-content\/uploads\/2020\/04_koronastories\/pelda_02.jpg\"><img loading=\"lazy\" decoding=\"async\" class=\"alignnone wp-image-4637\" src=\"https:\/\/www.severka.online\/wp-content\/uploads\/2020\/04_koronastories\/pelda_02-300x199.jpg\" alt=\"\" width=\"226\" height=\"150\" \/><\/a> <a href=\"https:\/\/www.severka.online\/wp-content\/uploads\/2020\/04_koronastories\/pelda_03.jpg\"><img loading=\"lazy\" decoding=\"async\" class=\"alignnone wp-image-4638\" src=\"https:\/\/www.severka.online\/wp-content\/uploads\/2020\/04_koronastories\/pelda_03-300x201.jpg\" alt=\"\" width=\"224\" height=\"150\" \/><\/a> <a href=\"https:\/\/www.severka.online\/wp-content\/uploads\/2020\/04_koronastories\/pelda_2019.jpg\"><img loading=\"lazy\" decoding=\"async\" class=\"alignnone wp-image-4639\" src=\"https:\/\/www.severka.online\/wp-content\/uploads\/2020\/04_koronastories\/pelda_2019-300x218.jpg\" alt=\"\" width=\"207\" height=\"150\" \/><\/a><\/p>\n<p><a href=\"https:\/\/www.severka.online\/wp-content\/uploads\/2020\/04_koronastories\/pelda_potlach_2018.pdf\" target=\"_blank\" rel=\"noopener noreferrer\"><img loading=\"lazy\" decoding=\"async\" class=\"alignnone wp-image-4640\" src=\"https:\/\/www.severka.online\/wp-content\/uploads\/2020\/04_koronastories\/pelda_2018-300x195.jpg\" alt=\"\" width=\"230\" height=\"150\" srcset=\"https:\/\/www.severka.online\/wp-content\/uploads\/2020\/04_koronastories\/pelda_2018-300x195.jpg 300w, https:\/\/www.severka.online\/wp-content\/uploads\/2020\/04_koronastories\/pelda_2018-1024x667.jpg 1024w, https:\/\/www.severka.online\/wp-content\/uploads\/2020\/04_koronastories\/pelda_2018-768x500.jpg 768w, https:\/\/www.severka.online\/wp-content\/uploads\/2020\/04_koronastories\/pelda_2018-150x98.jpg 150w, https:\/\/www.severka.online\/wp-content\/uploads\/2020\/04_koronastories\/pelda_2018.jpg 1106w\" sizes=\"auto, (max-width: 230px) 100vw, 230px\" \/><\/a><\/p>\n<p><em>foto: Pelda<\/em><\/p>\n<p>&nbsp;<\/p>\n<h3>\u00c1zia s koronou<\/h3>\n<p><em><strong>Tibor B\u00e1tovsk\u00fd<\/strong><\/em><\/p>\n<p><img loading=\"lazy\" decoding=\"async\" class=\"size-medium wp-image-4650 alignleft\" src=\"https:\/\/www.severka.online\/wp-content\/uploads\/2020\/04_koronastories\/p_tibo-220x300.jpg\" alt=\"\" width=\"220\" height=\"300\" \/>Zhruba v polovici janu\u00e1ra som sa vybral do Vietnamu. Cez \u010c\u00ednu. T\u00e1 vtedy koronu e\u0161te zat\u013akala a jedin\u00fa vec, z ktorej som ju vinil bolo, \u017ee mi v Urum\u010di na letisku zobrali powerbank. Prv\u00e9 inform\u00e1cie o v\u00edruse sa za\u010dali vyn\u00e1ra\u0165 a\u017e po pr\u00edlete do Hanoia. No v tom \u010dase to m\u0148a, ani \u017eivot vo Vietname v\u00f4bec neovplyvnilo.<\/p>\n<p>Bolo to obdobie Tet-u. Pr\u00edchodu jari a \u010d\u00ednskeho nov\u00e9ho roku, kedy sa cel\u00e1 \u00c1zia pres\u00fava domov na sviatky. Preto \u010c\u00edna za\u010dala v panike robi\u0165 prv\u00e9 opatrenia, ru\u0161i\u0165 lety. Mne zru\u0161ili spiato\u010dn\u00fd let po t\u00fd\u017edni vo Vietname. \u0164a\u017ek\u00fa hlavu som si z toho nerobil. Po\u017eiadal som o refund a te\u0161il som sa, \u017ee budem m\u00f4c\u0165 osta\u0165 v \u00c1zii dlh\u0161ie. Vtedy sa mi zdalo rozumnej\u0161ie pre\u010dka\u0165 to tam. Nechcel som predsa donies\u0165 domov nejak\u00fa koronu. Nakoniec ma predbehla.<\/p>\n<p>Za prv\u00fd mesiac vo Vietname som o korone po\u010dul tak maxim\u00e1lne z SMS spr\u00e1v od oper\u00e1tora. R\u00fa\u0161ka u\u017e nosili predt\u00fdm a \u013eudia pr\u00edli\u0161 nepanik\u00e1rili. Zozn\u00e1mil som sa s jednou Bieloruskou, Ka\u0165ou, a za\u010dali sme cestova\u0165 spolu. Ke\u010f jej doch\u00e1dzali vietnamsk\u00e9 v\u00edza, presunuli sme sa do Laosu. Tam o korone, pris\u00e1m Bohu, e\u0161te ani nepo\u010duli. A e\u0161te dlho potom, ako v okolit\u00fdch \u0161t\u00e1toch boli stovky nakazen\u00fdch, hl\u00e1sili st\u00e1le nulu. To sved\u010d\u00ed o n\u00e1ture lok\u00e1lnych \u013eud\u00ed. Akoby sa ich ni\u010d net\u00fdkalo a probl\u00e9my sveta iba h\u00e1dzali za hlavu. T\u00fdm mi Laos ihne\u010f zaimponoval. V porovnan\u00ed s Vietnamom sa \u017eivot badate\u013ene spomalil, a asi aj vr\u00e1til p\u00e1r rokov dozadu. Bolo tam menej hluku, menej zhonu, menej motoriek a celkovo som si krajinu zamiloval.<\/p>\n<p>Ka\u0165a sa po dvoch t\u00fd\u017ed\u0148och chcela vr\u00e1ti\u0165 do Vietnamu. Ja som ani za svet nechcel od\u00eds\u0165. Tak sme sa rozi\u0161li a ja som zvy\u0161n\u00e9 dva t\u00fd\u017edne z mojich mesa\u010dn\u00fdch v\u00edz str\u00e1vil na ostrove na Mekongu. Tam som si, v tej kr\u00e1snej bubline, ako spr\u00e1vny Laosan, v k\u013eude na\u017e\u00edval a h\u00e1dzal probl\u00e9my sveta za hlavu. Ke\u010f mi doch\u00e1dzali v\u00edza a rozhodoval som sa, \u010di ich o mesiac pred\u013a\u017ei\u0165 alebo sa presun\u00fa\u0165 do susedn\u00fdch kraj\u00edn, Thajska, pr\u00edpadne Kambod\u017ee, korona sa ma u\u017e za\u010dala t\u00fdka\u0165. Krajiny v tom obdob\u00ed za\u010dali zatv\u00e1ra\u0165 hranice. Do Thajska ma po odmeran\u00ed teploty e\u0161te bez probl\u00e9mov pustili, no \u017eivot tam bol u\u017e jasne pozna\u010den\u00fd pand\u00e9miou. O Thajcoch sa hovor\u00ed, \u017ee nie s\u00fa najpr\u00edjemnej\u0161\u00ed a z mojich sk\u00fasenost\u00ed to plat\u00ed dup\u013eom. Zhruba v tom \u010dase thajsk\u00fd minister zdravotn\u00edctva nazval cudzincov <em>\u201c\u0161pinav\u00fdmi farangami\u201d<\/em> a vyzval t\u00fdm n\u00e1rod k prehnanej opatrnosti a\u017e strachu vo\u010di cudzincom. <em>Farang<\/em> m\u00e1 podobn\u00fd v\u00fdznam ako <em>\u201cgad\u017eo\u201d<\/em> v r\u00f3m\u010dine alebo <em>\u201cgringo\u201d<\/em> v \u0161paniel\u010dine a to, \u017ee sa vraj nesprchujeme, tomu tie\u017e nepomohlo. Odvtedy som im neniesol peniaze, odvtedy som im niesol koronu. U\u017e vtedy bol \u010das \u00eds\u0165 domov, ale nemal som letenku a b\u00e1l som sa nejak\u00fa k\u00fapi\u0165 s t\u00fdm, \u017ee by ju ur\u010dite do t\u00fd\u017ed\u0148a zru\u0161ili.<\/p>\n<p>S Ka\u0165ou som bol st\u00e1le v kontakte a jej sa medzi\u010dasom podarilo dosta\u0165 do Indon\u00e9zie. Za\u010dala panik\u00e1ri\u0165, lebo jej zru\u0161ili let domov, tak som sa rozhodol, \u017ee p\u00f4jdem za \u0148ou. R\u00fdchlo som k\u00fapil letenku do Jakarty a po\u010d\u00edtal dni, hodiny, min\u00faty do odletu. Ka\u017ed\u00e9 r\u00e1no som sa v duchu modlil, aby e\u0161te nezavreli hranice. Nakoniec som to stihol o chlp. Zavreli ich o de\u0148 nesk\u00f4r. Na letisku v Bangkoku mi ako bonus namerali 36,9\u00b0C, \u010do mi k pohode nepridalo. Ale ve\u010der v Jakarte, s pe\u010diatkou na 30 dn\u00ed, som u\u017e bol spokojn\u00fd.\u00a0 Bolo mi jasn\u00e9, \u017ee z Indon\u00e9zie sa d\u00e1 \u00eds\u0165 u\u017e len domov.<\/p>\n<p>Korona n\u00e1s bohu\u017eia\u013e v Indon\u00e9zii dobehla. U\u017e nebolo krajiny, kde by sa dalo schova\u0165. N\u00e1s sa to dotklo hlavne v tom, \u017ee sme za\u010dali jes\u0165 v\u00fdhradne don\u00e1\u0161ku, sna\u017eili sme sa dodr\u017eiava\u0165 ak\u00fa tak\u00fa karant\u00e9nu a ve\u013emi u\u017e necestova\u0165. V\u00e4\u010d\u0161inu \u010dasu v Indon\u00e9zii sme str\u00e1vili v Yogyakarte.\u00a0 Pl\u00e1novali sme jedno posledn\u00e9 dobrodru\u017estvo. Vybehn\u00fa\u0165 na miestnu sopku Merapi. Kv\u00f4li ka\u017edodenn\u00fdm poobedn\u00fdm b\u00farkam sme to neust\u00e1le odkladali, a\u017e jeden de\u0148 dostala Ka\u0165a inform\u00e1ciu, \u017ee by ju Rusi mo\u017eno zobrali z Bali domov. Museli sme kona\u0165 r\u00fdchlo a na druh\u00fd de\u0148 sme sa stopom dostali na \u00fap\u00e4tie sopky. Do zotmenia sme boli hore, postavili stan, zobudili sa na v\u00fdchod slnka a zbehli dole. A ke\u010f sme si dole v dedine sadli na k\u00e1vu, v\u0161etci miestni vybehli na ulicu. Vybehli sme aj my. \u017diadne zemetrasenie, \u017eiadny hluk, \u017eiadne varovanie, iba k\u00fadol tmav\u00e9ho dymu silno kontrastuj\u00faci s bielymi mra\u010dnami, medzi ktor\u00fdmi zmizol tak r\u00fdchlo, ako sa zjavil. Reagovali sme smiechom v \u00fa\u017ease nad t\u00fdm, \u010do sa pr\u00e1ve udialo. Ale obaja sme v duchu po\u010d\u00edtali, ko\u013eko ch\u00fdbalo.<\/p>\n<p>E\u0161te v ten de\u0148 sa sna\u017e\u00edme stopn\u00fa\u0165 nie\u010do sp\u00e4\u0165 do Yogyakarty. Nedar\u00ed sa n\u00e1m. Sed\u00edme na b\u00e1gli na kraji cesty a spoved\u00e1 n\u00e1s policajt. Miestni si to nat\u00e1\u010daj\u00fa na mobil. \u010eal\u0161\u00ed n\u00e1znak toho, \u017ee treba \u00eds\u0165 domov. Nakoniec sa n\u00e1m po\u0161\u0165ast\u00ed a na druh\u00fd de\u0148 let\u00edme na Bali. Tam zist\u00edme, \u017ee ten rusk\u00fd let je u\u017e v Rusku. Katina ambas\u00e1da jej odpor\u00fa\u010da zabezpe\u010di\u0165 si prepravu komer\u010dnou leteckou spolo\u010dnos\u0165ou. Mne moja ambas\u00e1da tie\u017e neodpor\u00fa\u010da \u010daka\u0165 na nejak\u00fa repatri\u00e1ciu z Indon\u00e9zie. T\u00fdm p\u00e1dom kupujeme letenky s t\u00fdm, \u017ee do Dohy let\u00edme t\u00fdm ist\u00fdm letom. Ceny s\u00fa prijate\u013en\u00e9 a\u017e o t\u00fd\u017ede\u0148 a s vedom\u00edm, \u017ee nem\u00e1me in\u00fa mo\u017enos\u0165, to riskujeme. Stretli sme pr\u00edli\u0161 ve\u013ea \u013eud\u00ed, ktor\u00ed plakali nad zru\u0161en\u00fdmi letmi, ale \u010do in\u00e9 n\u00e1m ost\u00e1va. Do odletu n\u00e1m trasu mnoho kr\u00e1t pomenia. Ka\u0165a napr. mala letie\u0165 najprv cez Helsinki, potom to zmenili na let cez \u0160tokholm a nakoniec cez Par\u00ed\u017e. Mne vyrobili len 12 hodinov\u00fd prestup v Dohe, \u010do sa e\u0161te dalo pre\u017ei\u0165. Na letisku v\u0161ak boli zm\u00e4tky. Nechceli ju pusti\u0165 do lietadla. Musela od ambas\u00e1dy vybavi\u0165 dokument, \u017ee m\u00f4\u017ee tranzitova\u0165 v Par\u00ed\u017ei. Skoro sme kv\u00f4li tomu zme\u0161kali let. Ale v\u0161etko dobre dopadlo a bola doma o t\u00fd\u017ede\u0148 sk\u00f4r ako ja.<\/p>\n<p>Ke\u010f som kupoval letenky, e\u0161te som nevedel, \u010di budem musie\u0165 \u00eds\u0165 do \u0161t\u00e1tnej karant\u00e9ny. Nakoniec ma to u\u017e chytilo. V Bielorusku robia \u013eu\u010fom po pr\u00edchode testy a posielaj\u00fa ich do dom\u00e1cej karant\u00e9ny. Ja som \u0161iel na Ve\u013ek\u00fd piatok pe\u0161o z Wolfstahlu na hranice a \u010dakal ma tam Matovi\u010d. Pri\u0161iel som poobede a rovno na ve\u010deru. Ale mal som jedno \u0161\u0165astie, \u017ee som mal karimatku a spac\u00e1k, lebo n\u00e1s tam nechali \u010daka\u0165 do \u010fal\u0161ieho d\u0148a. Po zhruba 40 hodinovej ceste som sa kone\u010dne vyspal a r\u00e1no n\u00e1s mal bus bra\u0165 do Tren\u010dianskych Tepl\u00edc a Le\u0161te. V Tepliciach n\u00e1s oto\u010dili, \u017ee s\u00fa pln\u00fd a Le\u0161\u0165 vraj tie\u017e. Tak cel\u00fd autobus nasmerovali do Gab\u010d\u00edkova. Pri\u0161iel som tam v sobotu a prv\u00fd de\u0148 karant\u00e9ny sa r\u00e1ta a\u017e nede\u013ea. Ke\u010f\u017ee som cestoval s\u00e1m, musel som zdie\u013ea\u0165 bunku e\u0161te s niek\u00fdm cudz\u00edm, tak som sa dohodol s dvoma chalanmi, \u010do i\u0161li tie\u017e z \u00c1zie. Takto v trojici sme \u010dakali p\u00e4\u0165 dn\u00ed na testy a potom e\u0161te jeden de\u0148 na v\u00fdsledky. Za t\u00fdch \u0161es\u0165 dn\u00ed sme cez balk\u00f3n nadviazali kontakt s ostatn\u00fdmi bunkami. Obchodovalo sa zviazan\u00fdmi \u0161\u00e1lmi a \u0161lo hlavne o cigarety. Za t\u00fdch \u0161es\u0165 dn\u00ed tam ale bol aj pokus o samovra\u017edu, tak\u017ee nie ka\u017ed\u00fd to zvl\u00e1dal s nadh\u013eadom. Mne osobne ni\u010d nech\u00fdbalo. Te\u0161il som sa z prvej tresky, prv\u00e9ho gul\u00e1\u0161u, prvej kapustnice a pitn\u00e1 voda priamo z koh\u00fatika mi v Gab\u010d\u00edkove pri\u0161la \u010darovn\u00e1. V izbe som napr. nena\u0161iel ani jedn\u00e9ho mravca, \u010do bol po \u00c1zii tie\u017e ako z\u00e1zrak. Skr\u00e1tka to tam nebola \u017eiadna katastrofa a po predch\u00e1dzaj\u00facich d\u0148och pln\u00fdch stresu a nedostatku sp\u00e1nku som mal aspo\u0148 mo\u017enos\u0165 kone\u010dne si v k\u013eude vyd\u00fdchnu\u0165.<\/p>\n<p><a href=\"https:\/\/www.severka.online\/wp-content\/uploads\/2020\/04_koronastories\/tibo_01.jpg\"><img loading=\"lazy\" decoding=\"async\" class=\"wp-image-4641 alignnone\" src=\"https:\/\/www.severka.online\/wp-content\/uploads\/2020\/04_koronastories\/tibo_01-300x225.jpg\" alt=\"\" width=\"200\" height=\"150\" \/><\/a> <a href=\"https:\/\/www.severka.online\/wp-content\/uploads\/2020\/04_koronastories\/tibo_02.jpg\"><img loading=\"lazy\" decoding=\"async\" class=\"alignnone wp-image-4642\" src=\"https:\/\/www.severka.online\/wp-content\/uploads\/2020\/04_koronastories\/tibo_02-300x200.jpg\" alt=\"\" width=\"225\" height=\"150\" srcset=\"https:\/\/www.severka.online\/wp-content\/uploads\/2020\/04_koronastories\/tibo_02-300x200.jpg 300w, https:\/\/www.severka.online\/wp-content\/uploads\/2020\/04_koronastories\/tibo_02-1024x683.jpg 1024w, https:\/\/www.severka.online\/wp-content\/uploads\/2020\/04_koronastories\/tibo_02-768x512.jpg 768w, https:\/\/www.severka.online\/wp-content\/uploads\/2020\/04_koronastories\/tibo_02-150x100.jpg 150w, https:\/\/www.severka.online\/wp-content\/uploads\/2020\/04_koronastories\/tibo_02-200x133.jpg 200w, https:\/\/www.severka.online\/wp-content\/uploads\/2020\/04_koronastories\/tibo_02-250x166.jpg 250w, https:\/\/www.severka.online\/wp-content\/uploads\/2020\/04_koronastories\/tibo_02.jpg 1079w\" sizes=\"auto, (max-width: 225px) 100vw, 225px\" \/><\/a> <a href=\"https:\/\/www.severka.online\/wp-content\/uploads\/2020\/04_koronastories\/tibo_03.jpg\"><img loading=\"lazy\" decoding=\"async\" class=\"alignnone wp-image-4643\" src=\"https:\/\/www.severka.online\/wp-content\/uploads\/2020\/04_koronastories\/tibo_03-300x200.jpg\" alt=\"\" width=\"225\" height=\"150\" srcset=\"https:\/\/www.severka.online\/wp-content\/uploads\/2020\/04_koronastories\/tibo_03-300x200.jpg 300w, https:\/\/www.severka.online\/wp-content\/uploads\/2020\/04_koronastories\/tibo_03-1024x683.jpg 1024w, https:\/\/www.severka.online\/wp-content\/uploads\/2020\/04_koronastories\/tibo_03-768x512.jpg 768w, https:\/\/www.severka.online\/wp-content\/uploads\/2020\/04_koronastories\/tibo_03-150x100.jpg 150w, https:\/\/www.severka.online\/wp-content\/uploads\/2020\/04_koronastories\/tibo_03-200x133.jpg 200w, https:\/\/www.severka.online\/wp-content\/uploads\/2020\/04_koronastories\/tibo_03-250x166.jpg 250w, https:\/\/www.severka.online\/wp-content\/uploads\/2020\/04_koronastories\/tibo_03.jpg 1079w\" sizes=\"auto, (max-width: 225px) 100vw, 225px\" \/><\/a> <a href=\"https:\/\/www.severka.online\/wp-content\/uploads\/2020\/04_koronastories\/tibo_04.jpg\"><img loading=\"lazy\" decoding=\"async\" class=\"alignnone wp-image-4644\" src=\"https:\/\/www.severka.online\/wp-content\/uploads\/2020\/04_koronastories\/tibo_04-300x169.jpg\" alt=\"\" width=\"267\" height=\"150\" srcset=\"https:\/\/www.severka.online\/wp-content\/uploads\/2020\/04_koronastories\/tibo_04-300x169.jpg 300w, https:\/\/www.severka.online\/wp-content\/uploads\/2020\/04_koronastories\/tibo_04-1024x576.jpg 1024w, https:\/\/www.severka.online\/wp-content\/uploads\/2020\/04_koronastories\/tibo_04-768x432.jpg 768w, https:\/\/www.severka.online\/wp-content\/uploads\/2020\/04_koronastories\/tibo_04-150x84.jpg 150w, https:\/\/www.severka.online\/wp-content\/uploads\/2020\/04_koronastories\/tibo_04.jpg 1280w\" sizes=\"auto, (max-width: 267px) 100vw, 267px\" \/><\/a> <a href=\"https:\/\/www.severka.online\/wp-content\/uploads\/2020\/04_koronastories\/tibo_05.jpg\"><img loading=\"lazy\" decoding=\"async\" class=\"alignnone wp-image-4645\" src=\"https:\/\/www.severka.online\/wp-content\/uploads\/2020\/04_koronastories\/tibo_05-300x200.jpg\" alt=\"\" width=\"225\" height=\"150\" srcset=\"https:\/\/www.severka.online\/wp-content\/uploads\/2020\/04_koronastories\/tibo_05-300x200.jpg 300w, https:\/\/www.severka.online\/wp-content\/uploads\/2020\/04_koronastories\/tibo_05-1024x683.jpg 1024w, https:\/\/www.severka.online\/wp-content\/uploads\/2020\/04_koronastories\/tibo_05-768x512.jpg 768w, https:\/\/www.severka.online\/wp-content\/uploads\/2020\/04_koronastories\/tibo_05-150x100.jpg 150w, https:\/\/www.severka.online\/wp-content\/uploads\/2020\/04_koronastories\/tibo_05-200x133.jpg 200w, https:\/\/www.severka.online\/wp-content\/uploads\/2020\/04_koronastories\/tibo_05-250x166.jpg 250w, https:\/\/www.severka.online\/wp-content\/uploads\/2020\/04_koronastories\/tibo_05.jpg 1079w\" sizes=\"auto, (max-width: 225px) 100vw, 225px\" \/><\/a> <a href=\"https:\/\/www.severka.online\/wp-content\/uploads\/2020\/04_koronastories\/tibo_06.jpg\"><img loading=\"lazy\" decoding=\"async\" class=\"alignnone wp-image-4646\" src=\"https:\/\/www.severka.online\/wp-content\/uploads\/2020\/04_koronastories\/tibo_06-300x225.jpg\" alt=\"\" width=\"200\" height=\"150\" \/><\/a> <a href=\"https:\/\/www.severka.online\/wp-content\/uploads\/2020\/04_koronastories\/tibo_07.jpg\"><img loading=\"lazy\" decoding=\"async\" class=\"wp-image-4647 alignnone\" src=\"https:\/\/www.severka.online\/wp-content\/uploads\/2020\/04_koronastories\/tibo_07-300x225.jpg\" alt=\"\" width=\"200\" height=\"150\" \/><\/a><br \/>\n<em>foto: Tibo a Ka\u0165a<\/em><\/p>\n<p>&nbsp;<\/p>\n<p>&nbsp;<\/p>\n","protected":false},"excerpt":{"rendered":"<p>Tento rok k\u00a0n\u00e1m, sk\u00f4r ako jar, zav\u00edtala pand\u00e9mia korona v\u00edrusu. Pozna\u010dila na\u0161e \u017eivoty, be\u017en\u00e9 fungovanie v\u00a0civilnom aj trampskom \u017eivote. Ale to pozn\u00e1me a\u00a0za\u017e\u00edvame na vlastnej ko\u017ei. V\u00a0nasleduj\u00facich riadkoch v\u00e1m prin\u00e1\u0161ame pr\u00edbehy \u013eud\u00ed, ktor\u00ed vandruj\u00fa alebo trvalo \u017eij\u00fa v\u00a0\u010falekej cudzine. Svoju anab\u00e1zu pri n\u00e1vrate z\u00a0Kuby popisuje Hanka Hosnedlov\u00e1, T.O. Zlat\u00e1 kotva (\u010cesk\u00e9 Bud\u011bjovice), spisovate\u013eka, novin\u00e1rka, autorka aj porotky\u0148a Trapsavca. Ve\u013ekono\u010dn\u00e9 zvyky vo svojej novej domovine \u2013 Austr\u00e1lii, pribli\u017euje Marta Pelda Pelik\u00e1nov\u00e1, publicistka, cestovate\u013eka, poetka aj prozai\u010dka, p\u00f4vodne z\u00a0\u010ceskej T\u0159ebovej (T.O. Nez\u00e1visl\u00fd Westmen). A\u00a0nakoniec cestoval po \u00c1zii s\u00a0koronou Tibor B\u00e1tovsk\u00fd, kamar\u00e1t, ktor\u00e9ho m\u00f4\u017eete stretn\u00fa\u0165 aj na potulk\u00e1ch \u00a0Slovenskom, v\u00a0okol\u00ed rodn\u00fdch Lev\u00edc, v\u00a0Ha\u010fom&#8230;<\/p>\n<p> <a class=\"continue-reading-link\" href=\"https:\/\/www.severka.online\/index.php\/2020\/04\/25\/corona-stories\/\"><span>Pokra\u010dovanie \u010dl\u00e1nku<\/span><i class=\"crycon-right-dir\"><\/i><\/a> <\/p>\n","protected":false},"author":1,"featured_media":0,"comment_status":"closed","ping_status":"closed","sticky":false,"template":"","format":"standard","meta":{"footnotes":""},"categories":[7],"tags":[28],"class_list":["post-4651","post","type-post","status-publish","format-standard","hentry","category-rozne","tag-zazitky"],"_links":{"self":[{"href":"https:\/\/www.severka.online\/index.php\/wp-json\/wp\/v2\/posts\/4651","targetHints":{"allow":["GET"]}}],"collection":[{"href":"https:\/\/www.severka.online\/index.php\/wp-json\/wp\/v2\/posts"}],"about":[{"href":"https:\/\/www.severka.online\/index.php\/wp-json\/wp\/v2\/types\/post"}],"author":[{"embeddable":true,"href":"https:\/\/www.severka.online\/index.php\/wp-json\/wp\/v2\/users\/1"}],"replies":[{"embeddable":true,"href":"https:\/\/www.severka.online\/index.php\/wp-json\/wp\/v2\/comments?post=4651"}],"version-history":[{"count":4,"href":"https:\/\/www.severka.online\/index.php\/wp-json\/wp\/v2\/posts\/4651\/revisions"}],"predecessor-version":[{"id":4656,"href":"https:\/\/www.severka.online\/index.php\/wp-json\/wp\/v2\/posts\/4651\/revisions\/4656"}],"wp:attachment":[{"href":"https:\/\/www.severka.online\/index.php\/wp-json\/wp\/v2\/media?parent=4651"}],"wp:term":[{"taxonomy":"category","embeddable":true,"href":"https:\/\/www.severka.online\/index.php\/wp-json\/wp\/v2\/categories?post=4651"},{"taxonomy":"post_tag","embeddable":true,"href":"https:\/\/www.severka.online\/index.php\/wp-json\/wp\/v2\/tags?post=4651"}],"curies":[{"name":"wp","href":"https:\/\/api.w.org\/{rel}","templated":true}]}}