{"id":5056,"date":"2020-11-01T00:18:47","date_gmt":"2020-10-31T23:18:47","guid":{"rendered":"http:\/\/www.severka.online\/?p=5056"},"modified":"2020-11-01T16:19:31","modified_gmt":"2020-11-01T15:19:31","slug":"severka-na-konci-leta","status":"publish","type":"post","link":"https:\/\/www.severka.online\/index.php\/2020\/11\/01\/severka-na-konci-leta\/","title":{"rendered":"Severka na konci leta"},"content":{"rendered":"<p><a href=\"https:\/\/www.severka.online\/wp-content\/uploads\/2020\/oznamy\/s3_20_titulka_.jpg\"><img loading=\"lazy\" decoding=\"async\" class=\"alignleft wp-image-5058\" src=\"https:\/\/www.severka.online\/wp-content\/uploads\/2020\/oznamy\/s3_20_titulka_-210x300.jpg\" alt=\"\" width=\"140\" height=\"200\" srcset=\"https:\/\/www.severka.online\/wp-content\/uploads\/2020\/oznamy\/s3_20_titulka_-210x300.jpg 210w, https:\/\/www.severka.online\/wp-content\/uploads\/2020\/oznamy\/s3_20_titulka_-105x150.jpg 105w, https:\/\/www.severka.online\/wp-content\/uploads\/2020\/oznamy\/s3_20_titulka_-150x214.jpg 150w, https:\/\/www.severka.online\/wp-content\/uploads\/2020\/oznamy\/s3_20_titulka_.jpg 504w\" sizes=\"auto, (max-width: 140px) 100vw, 140px\" \/><\/a>Koncoletn\u00fd d\u00e1\u017e\u010f m\u00e1me za sebou, tak\u017ee vlastne u\u017e je jese\u0148. Medzi listami popadan\u00fdmi zo stromov mo\u017eno n\u00e1js\u0165 aj jesenn\u00e9 \u010d\u00edslo Severky. Vo chv\u00edli, ke\u010f p\u00ed\u0161em tieto slov\u00e1, tak asi k\u00a0tebe pr\u00e1ve putuje prostredn\u00edctvom slovenskej po\u0161ty.<\/p>\n<p>A\u00a0na \u010do sa teda m\u00f4\u017ee\u0161 te\u0161i\u0165? V\u00a0rubrike Po stop\u00e1ch tul\u00e1kov predstavujeme 50 ro\u010dn\u00fa T.O. Orol z\u00a0Handlovej a\u00a0o\u00a030 rokov mlad\u0161iu T.O. Siv\u00fd orol (Nedo\u017eery \u2013 Brezany). Spomienky na ned\u00e1vno zosnul\u00e9ho T.S. \u0160e\u010fa sprostredkovali jeho kamar\u00e1ti. Na\u0161\u0165astie, Dolfo (T.O. New Gate) sa te\u0161\u00ed dobr\u00e9mu zdraviu a\u00a0k\u00a070-ke sa mu u\u0161lo aj trampsk\u00e9 prekvapenie. Nech\u00fdba ani <a href=\"http:\/\/www.trampskemuzeum.sk\/index.php\/2020\/10\/31\/vyrocia-trampskych-osad-v-r-2020-iii\/\" target=\"_blank\" rel=\"noopener noreferrer\">zoznam jubiluj\u00facich os\u00e1d<\/a>.<br \/>\nPesni\u010dka tul\u00e1cka sa venuje Interporte, v\u00a0kr\u00e1tkej spr\u00e1ve koncertu Poutn\u00edkov v\u00a0\u017diline, ale najm\u00e4 tvorbe Stanislava \u201ePufiho\u201c Granca. Jednu z\u00a0jeho pesni\u010diek prin\u00e1\u0161ame aj v\u00a0notovom z\u00e1zname na druhej strane ob\u00e1lky.<br \/>\nRubriky Porta Bohemica a\u00a0Ke\u010f n\u00e1s nav\u0161t\u00edvi m\u00faza pribli\u017euj\u00fa v\u00fdsledky s\u00fa\u0165a\u017e\u00ed <a href=\"https:\/\/www.trapsavec.cz\/news\/vysledky-46-rocniku\/\" target=\"_blank\" rel=\"noopener noreferrer\">Trapsavec<\/a> a\u00a0<a href=\"https:\/\/trasa.webnode.cz\/archiv-viteznych-prispevku\/2020\/\" target=\"_blank\" rel=\"noopener noreferrer\">Trasa<\/a>, ktor\u00e9 sa vyhlasovali kv\u00f4li korone a\u017e v septembri, namiesto tradi\u010dn\u00e9ho m\u00e1jov\u00e9ho term\u00ednu. \u00daspe\u0161n\u00ed slovensk\u00ed autori si teda museli na ocenenia po\u010dka\u0165. Ocenen\u00e9 fotografie sme pou\u017eili ako ilustra\u010dn\u00e9, t\u00e1 s <a href=\"https:\/\/soutez-trasa.rajce.idnes.cz\/Trasa_2020_-_vitezne_prispevky\/1461218522\" target=\"_blank\" rel=\"noopener noreferrer\">najvy\u0161\u0161\u00edm ocenen\u00edm<\/a> je na ob\u00e1lke. B\u00e1sni\u010dky s\u00fa doplnen\u00e9 fejt\u00f3nikom Hanky Hosnedlovej, ktor\u00fd sa pod\u013ea jej pr\u00eds\u013eubu stane pravidelnou s\u00fa\u010das\u0165ou obsahu Severky. N\u00e1dych poviedok maj\u00fa aj Pr\u00edbehy, ktor\u00e9 nestarn\u00fa, tentokr\u00e1t s v\u00f4\u0148ou k\u00e1vy. Pop\u00edjala sa na Zahure aj Malej Canade.<br \/>\nSpr\u00e1vy z\u00a0ciest s\u00fa spolovice cyklovandrovn\u00e9. Ba\u010da so Starcom si \u201eodbehli\u201c to\u0165 za Dunaj, do ma\u010farsk\u00e9ho Pili\u0161u. Zo severnej\u0161ieho k\u00fata Eur\u00f3py s\u00fa Modokove z\u00e1\u017eitky \u2013 splav \u0161v\u00e9dskej rieky R\u00e5na so \u0161tyrmi babami na palube.<br \/>\nModok pop\u00edsal aj s\u00fa\u010dasn\u00fd stav a\u00a0aktivity v\u00a0s\u00favislosti so slovensk\u00fdm\u00a0trampsk\u00fdm m\u00fazeom, aby aspo\u0148 \u010diasto\u010dne odpovedal v\u0161etk\u00fdm, ktor\u00ed klad\u00fa ot\u00e1zku <a href=\"http:\/\/www.trampskemuzeum.sk\/index.php\/2020\/11\/01\/co-je-s-tym-muzeom\/\" target=\"_blank\" rel=\"noopener noreferrer\">\u201e\u010co je s\u00a0t\u00fdm m\u00fazeom?\u201c<\/a>.<br \/>\nV rubrike Z\u00a0canc\u00e1kov si m\u00f4\u017ee\u0161 pre\u010d\u00edta\u0165, ako bolo na Jesen\u00edkoch pod \u0160ivcom, 20-ke T.O. Siv\u00fd orol, \u010di kurze kor\u00e1lkovania. Kr\u00e1tke spr\u00e1vy s\u00fa doplnen\u00e9 dlh\u0161\u00edm popisom 2. putovn\u00e9ho vandru T.O. Vesel\u00fd b\u00fdk v\u00a0okol\u00ed Sklabinsk\u00e9ho hradu. Na z\u00e1ver sa k\u00a0tir\u00e1\u017ei e\u0161te zmestil oznam o\u00a0bud\u00facich Kanadsk\u00fdch letokruhoch.<\/p>\n<p>Prajeme pr\u00edjemn\u00e9 \u010d\u00edtanie a\u00a0p\u00ed\u0161te, p\u00ed\u0161te, p\u00ed\u0161te.<br \/>\nAby rieky st\u00e1le tiekli.<\/p>\n<p><em><strong>D&#8217;Ady<\/strong><\/em><\/p>\n<p>&nbsp;<\/p>\n","protected":false},"excerpt":{"rendered":"<p>Koncoletn\u00fd d\u00e1\u017e\u010f m\u00e1me za sebou, tak\u017ee vlastne u\u017e je jese\u0148. Medzi listami popadan\u00fdmi zo stromov mo\u017eno n\u00e1js\u0165 aj jesenn\u00e9 \u010d\u00edslo Severky. Vo chv\u00edli, ke\u010f p\u00ed\u0161em tieto slov\u00e1, tak asi k\u00a0tebe pr\u00e1ve putuje prostredn\u00edctvom slovenskej po\u0161ty. A\u00a0na \u010do sa teda m\u00f4\u017ee\u0161 te\u0161i\u0165? V\u00a0rubrike Po stop\u00e1ch tul\u00e1kov predstavujeme 50 ro\u010dn\u00fa T.O. Orol z\u00a0Handlovej a\u00a0o\u00a030 rokov mlad\u0161iu T.O. Siv\u00fd orol (Nedo\u017eery \u2013 Brezany). Spomienky na ned\u00e1vno zosnul\u00e9ho T.S. \u0160e\u010fa sprostredkovali jeho kamar\u00e1ti. Na\u0161\u0165astie, Dolfo (T.O. New Gate) sa te\u0161\u00ed dobr\u00e9mu zdraviu a\u00a0k\u00a070-ke sa mu u\u0161lo aj trampsk\u00e9 prekvapenie. Nech\u00fdba ani zoznam jubiluj\u00facich os\u00e1d. Pesni\u010dka tul\u00e1cka sa venuje Interporte, v\u00a0kr\u00e1tkej spr\u00e1ve koncertu Poutn\u00edkov v\u00a0\u017diline,&#8230;<\/p>\n<p> <a class=\"continue-reading-link\" href=\"https:\/\/www.severka.online\/index.php\/2020\/11\/01\/severka-na-konci-leta\/\"><span>Pokra\u010dovanie \u010dl\u00e1nku<\/span><i class=\"crycon-right-dir\"><\/i><\/a> <\/p>\n","protected":false},"author":1,"featured_media":0,"comment_status":"closed","ping_status":"closed","sticky":false,"template":"","format":"standard","meta":{"footnotes":""},"categories":[6],"tags":[25],"class_list":["post-5056","post","type-post","status-publish","format-standard","hentry","category-casopis","tag-casopis-severka"],"_links":{"self":[{"href":"https:\/\/www.severka.online\/index.php\/wp-json\/wp\/v2\/posts\/5056","targetHints":{"allow":["GET"]}}],"collection":[{"href":"https:\/\/www.severka.online\/index.php\/wp-json\/wp\/v2\/posts"}],"about":[{"href":"https:\/\/www.severka.online\/index.php\/wp-json\/wp\/v2\/types\/post"}],"author":[{"embeddable":true,"href":"https:\/\/www.severka.online\/index.php\/wp-json\/wp\/v2\/users\/1"}],"replies":[{"embeddable":true,"href":"https:\/\/www.severka.online\/index.php\/wp-json\/wp\/v2\/comments?post=5056"}],"version-history":[{"count":5,"href":"https:\/\/www.severka.online\/index.php\/wp-json\/wp\/v2\/posts\/5056\/revisions"}],"predecessor-version":[{"id":5062,"href":"https:\/\/www.severka.online\/index.php\/wp-json\/wp\/v2\/posts\/5056\/revisions\/5062"}],"wp:attachment":[{"href":"https:\/\/www.severka.online\/index.php\/wp-json\/wp\/v2\/media?parent=5056"}],"wp:term":[{"taxonomy":"category","embeddable":true,"href":"https:\/\/www.severka.online\/index.php\/wp-json\/wp\/v2\/categories?post=5056"},{"taxonomy":"post_tag","embeddable":true,"href":"https:\/\/www.severka.online\/index.php\/wp-json\/wp\/v2\/tags?post=5056"}],"curies":[{"name":"wp","href":"https:\/\/api.w.org\/{rel}","templated":true}]}}