{"id":5189,"date":"2021-01-24T15:32:17","date_gmt":"2021-01-24T14:32:17","guid":{"rendered":"http:\/\/www.severka.online\/?p=5189"},"modified":"2021-01-24T22:39:59","modified_gmt":"2021-01-24T21:39:59","slug":"zda-sa-mi-ze-citim-dym","status":"publish","type":"post","link":"https:\/\/www.severka.online\/index.php\/2021\/01\/24\/zda-sa-mi-ze-citim-dym\/","title":{"rendered":"Zd\u00e1 sa mi, \u017ee c\u00edtim dym"},"content":{"rendered":"<p><a href=\"https:\/\/www.severka.online\/wp-content\/uploads\/2021\/oznamy\/s4_20_titulka_.jpg\"><img loading=\"lazy\" decoding=\"async\" class=\"alignleft wp-image-5186\" src=\"https:\/\/www.severka.online\/wp-content\/uploads\/2021\/oznamy\/s4_20_titulka_-211x300.jpg\" alt=\"\" width=\"141\" height=\"200\" srcset=\"https:\/\/www.severka.online\/wp-content\/uploads\/2021\/oznamy\/s4_20_titulka_-211x300.jpg 211w, https:\/\/www.severka.online\/wp-content\/uploads\/2021\/oznamy\/s4_20_titulka_-106x150.jpg 106w, https:\/\/www.severka.online\/wp-content\/uploads\/2021\/oznamy\/s4_20_titulka_-150x213.jpg 150w, https:\/\/www.severka.online\/wp-content\/uploads\/2021\/oznamy\/s4_20_titulka_.jpg 507w\" sizes=\"auto, (max-width: 141px) 100vw, 141px\" \/><\/a>To je veta nielen z\u00a0kn\u00edh Karla Maya, ale aj realita, ke\u010f sa bl\u00ed\u017eime k\u00a0fleku, na ktorom u\u017e okolo oh\u0148a sedia kamar\u00e1ti, znej\u00fa gitary a\u00a0panuje dobr\u00e1 n\u00e1lada.<br \/>\n\u010c\u00edslom Severky 4\/2020 sme sa pribl\u00ed\u017eili na doh\u013ead k\u00a0desiatim tuctom vydan\u00fdch \u010d\u00edsel. V\u00a0tom poslednom sa hne\u010f pri Modokovom\u00a0\u00favodn\u00edku stretne\u0161 so \u0160up\u00e1kov\u00fdm Kamo\u0161kom. Stopy tul\u00e1kov s\u00fa natiahnut\u00e9 od Haciendy v\u00a0Slansk\u00fdch vrchoch a\u017e po Bublinovu rezb\u00e1rsku diel\u0148u na Cerovej vo v\u00fdbe\u017eku Mal\u00fdch Karp\u00e1t. Nezabudli sme ani na <a href=\"http:\/\/www.trampskemuzeum.sk\/index.php\/2021\/01\/09\/vyrocia-trampskych-osad-v-r-2020-iv\/\" target=\"_blank\" rel=\"noopener\">v\u00fdro\u010dia trampsk\u00fdch os\u00e1d<\/a> v\u00a0p\u00e4\u0165ro\u010dnom rozostupe od 1990 po 2015.<\/p>\n<p>V\u00a0rubrike \u201ePesni\u010dka tul\u00e1cka\u201c zas \u010dl\u00e1nok od Luckyho premos\u0165uje martinsk\u00fd domicil folkov\u00e9ho dua Kalumet a\u00a0aktu\u00e1lnu Prahu. Pr\u00edbeh o\u00a0<a href=\"https:\/\/www.severka.online\/index.php\/2021\/01\/09\/uspavanka-pre-deti-z-onkologie\/\" target=\"_blank\" rel=\"noopener\">Usp\u00e1vanke pre deti z\u00a0onkol\u00f3gie<\/a> si m\u00f4\u017ee\u0161 pre\u010d\u00edta\u0165 aj na na\u0161om webe, vr\u00e1tane zvukovej nahr\u00e1vky piesne. Kapela Zubri a\u00a0T.O. Hladuj\u00faci zubri z\u00a0Nitry si v\u00a0roku 2020 pripomenuli 50 rokov svojej koexistencie. O\u00a0veselej povahe tejto partie sved\u010dia nielen ich historky, ale aj piese\u0148 Berta, ktor\u00fa uverej\u0148ujeme na druhej strane ob\u00e1lky.<\/p>\n<p>Spr\u00e1vy z\u00a0ciest a\u00a0Tip na vander tentokr\u00e1t sp\u00e1jaj\u00fa skaly. Mohutnej\u0161ie obdivovala Amazonka s\u00a0partiou v\u00a0\u010deskom Adr\u0161pachu, po men\u0161\u00edch, s\u00fastreden\u00fdch do tzv. Pe\u010denick\u00e9ho valu, zas putoval Ba\u010da trochu netradi\u010dne \u2013 pod\u013ea abecedy.<\/p>\n<p>Rubrika \u201eNajv\u00e4\u010d\u0161ia rados\u0165 \u0161kodorados\u0165\u201c m\u00e1 trpkej\u0161iu pr\u00edchu\u0165. Vo vesel\u00fdch pr\u00edhod\u00e1ch vystupuj\u00fa kamar\u00e1ti, ktor\u00e1 n\u00e1s ned\u00e1vno opustili. Na Dub\u00e1ka a\u00a0Ke\u0161\u0161a spom\u00edna Modok, na \u0160ipku zas \u0161erif Lucky z\u00a0T.O. Severka (Star\u00e1 \u013dubov\u0148a). Okrem nich si kr\u00e1tkym nekrol\u00f3gom pripom\u00edname aj Ringa z\u00a0T.O. Tri pramene (Bratislava), basistu kapely Pekaringo.<\/p>\n<p>Liter\u00e1rne str\u00e1nky tradi\u010dne prin\u00e1\u0161aj\u00fa pr\u00edspevky z\u00a0Trapsavca, fejt\u00f3nik Hanky Hosnedlovej, ale aj propoz\u00edcie s\u00fa\u0165a\u017e\u00ed <a href=\"https:\/\/trasa.webnode.cz\/pravidla-souteze\/\" target=\"_blank\" rel=\"noopener\"><strong>Trasa<\/strong><\/a> a\u00a0<a href=\"https:\/\/www.trapsavec.cz\/propozice\/\" target=\"_blank\" rel=\"noopener\"><strong>Trapsavec<\/strong><\/a>. Nezabudni, term\u00edn uz\u00e1vierky 28. febru\u00e1r 2021 sa bl\u00ed\u017ei.<br \/>\nNad posadnut\u00edm trampingom a\u00a0osudmi \u013eud\u00ed, ktor\u00fdch to postihne sa zam\u00fd\u0161\u013ea v\u00a0rubrike Hmmm&#8230; T\u00falav\u00e1 Jackie. Z\u00e1ver obstar\u00e1vaj\u00fa kr\u00e1tke spr\u00e1vy z\u00a0Ru\u017e\u00edna, Hadieho \u00fadolia a\u00a0kanadsk\u00e9ho Vancouveru.<\/p>\n<p>Kamar\u00e1ti, v\u00a0Severke \u010d. 4 tradi\u010dne n\u00e1jdete vlo\u017een\u00e9 po\u0161tov\u00e9 pouk\u00e1\u017eky na predplatn\u00e9 na rok 2021. Toto sme od vla\u0148aj\u0161ka zmenili na 8 eur. Papierov\u00e1 pouk\u00e1\u017eka je mo\u017eno takou hmatate\u013enou pripomienkou, ale uprednost\u0148ujeme platbu priamo na \u00fa\u010det Severky. \u010c\u00edslo \u00fa\u010dtu, ako aj \u010fal\u0161ie in\u0161trukcie n\u00e1jde\u0161 v\u00a0\u010dl\u00e1nku na str\u00e1nke <a href=\"https:\/\/www.severka.online\/index.php\/faq\/ako-si-objednat-severku\/\" target=\"_blank\" rel=\"noopener\">\u201e<strong>Ako si objedna\u0165 Severku<\/strong>\u201c<\/a>.<\/p>\n<p>Na z\u00e1ver v\u00e1m v\u0161etk\u00fdm \u017eel\u00e1m, nech v\u00e1m Severka svieti ako maj\u00e1k n\u00e1deje aj do \u010fal\u0161\u00edch dn\u00ed a\u00a0rokov.<\/p>\n<p>za Trampsk\u00e9 zdru\u017eenie Severka,<strong> \u0161\u00e9fredaktor D\u2019Ady<\/strong><\/p>\n<p style=\"text-align: center;\"><img loading=\"lazy\" decoding=\"async\" class=\"alignnone size-full wp-image-5185\" src=\"https:\/\/www.severka.online\/wp-content\/uploads\/2021\/oznamy\/pf2021severka_2b.jpg\" alt=\"\" width=\"728\" height=\"547\" srcset=\"https:\/\/www.severka.online\/wp-content\/uploads\/2021\/oznamy\/pf2021severka_2b.jpg 728w, https:\/\/www.severka.online\/wp-content\/uploads\/2021\/oznamy\/pf2021severka_2b-300x225.jpg 300w, https:\/\/www.severka.online\/wp-content\/uploads\/2021\/oznamy\/pf2021severka_2b-150x113.jpg 150w\" sizes=\"auto, (max-width: 728px) 100vw, 728px\" \/><\/p>\n","protected":false},"excerpt":{"rendered":"<p>To je veta nielen z\u00a0kn\u00edh Karla Maya, ale aj realita, ke\u010f sa bl\u00ed\u017eime k\u00a0fleku, na ktorom u\u017e okolo oh\u0148a sedia kamar\u00e1ti, znej\u00fa gitary a\u00a0panuje dobr\u00e1 n\u00e1lada. \u010c\u00edslom Severky 4\/2020 sme sa pribl\u00ed\u017eili na doh\u013ead k\u00a0desiatim tuctom vydan\u00fdch \u010d\u00edsel. V\u00a0tom poslednom sa hne\u010f pri Modokovom\u00a0\u00favodn\u00edku stretne\u0161 so \u0160up\u00e1kov\u00fdm Kamo\u0161kom. Stopy tul\u00e1kov s\u00fa natiahnut\u00e9 od Haciendy v\u00a0Slansk\u00fdch vrchoch a\u017e po Bublinovu rezb\u00e1rsku diel\u0148u na Cerovej vo v\u00fdbe\u017eku Mal\u00fdch Karp\u00e1t. Nezabudli sme ani na v\u00fdro\u010dia trampsk\u00fdch os\u00e1d v\u00a0p\u00e4\u0165ro\u010dnom rozostupe od 1990 po 2015. V\u00a0rubrike \u201ePesni\u010dka tul\u00e1cka\u201c zas \u010dl\u00e1nok od Luckyho premos\u0165uje martinsk\u00fd domicil folkov\u00e9ho dua Kalumet a\u00a0aktu\u00e1lnu Prahu. Pr\u00edbeh o\u00a0Usp\u00e1vanke pre deti z\u00a0onkol\u00f3gie&#8230;<\/p>\n<p> <a class=\"continue-reading-link\" href=\"https:\/\/www.severka.online\/index.php\/2021\/01\/24\/zda-sa-mi-ze-citim-dym\/\"><span>Pokra\u010dovanie \u010dl\u00e1nku<\/span><i class=\"crycon-right-dir\"><\/i><\/a> <\/p>\n","protected":false},"author":1,"featured_media":0,"comment_status":"closed","ping_status":"closed","sticky":false,"template":"","format":"standard","meta":{"footnotes":""},"categories":[6],"tags":[25],"class_list":["post-5189","post","type-post","status-publish","format-standard","hentry","category-casopis","tag-casopis-severka"],"_links":{"self":[{"href":"https:\/\/www.severka.online\/index.php\/wp-json\/wp\/v2\/posts\/5189","targetHints":{"allow":["GET"]}}],"collection":[{"href":"https:\/\/www.severka.online\/index.php\/wp-json\/wp\/v2\/posts"}],"about":[{"href":"https:\/\/www.severka.online\/index.php\/wp-json\/wp\/v2\/types\/post"}],"author":[{"embeddable":true,"href":"https:\/\/www.severka.online\/index.php\/wp-json\/wp\/v2\/users\/1"}],"replies":[{"embeddable":true,"href":"https:\/\/www.severka.online\/index.php\/wp-json\/wp\/v2\/comments?post=5189"}],"version-history":[{"count":2,"href":"https:\/\/www.severka.online\/index.php\/wp-json\/wp\/v2\/posts\/5189\/revisions"}],"predecessor-version":[{"id":5206,"href":"https:\/\/www.severka.online\/index.php\/wp-json\/wp\/v2\/posts\/5189\/revisions\/5206"}],"wp:attachment":[{"href":"https:\/\/www.severka.online\/index.php\/wp-json\/wp\/v2\/media?parent=5189"}],"wp:term":[{"taxonomy":"category","embeddable":true,"href":"https:\/\/www.severka.online\/index.php\/wp-json\/wp\/v2\/categories?post=5189"},{"taxonomy":"post_tag","embeddable":true,"href":"https:\/\/www.severka.online\/index.php\/wp-json\/wp\/v2\/tags?post=5189"}],"curies":[{"name":"wp","href":"https:\/\/api.w.org\/{rel}","templated":true}]}}