{"id":6301,"date":"2021-09-01T00:27:46","date_gmt":"2021-08-31T22:27:46","guid":{"rendered":"http:\/\/www.severka.online\/?p=6301"},"modified":"2021-09-01T00:27:46","modified_gmt":"2021-08-31T22:27:46","slug":"padaju-hviezdy","status":"publish","type":"post","link":"https:\/\/www.severka.online\/index.php\/2021\/09\/01\/padaju-hviezdy\/","title":{"rendered":"Padaj\u00fa hviezdy"},"content":{"rendered":"<p><a href=\"https:\/\/www.severka.online\/wp-content\/uploads\/2021\/09\/s2_21_titulka.jpg\"><img loading=\"lazy\" decoding=\"async\" class=\"alignleft wp-image-6303\" src=\"https:\/\/www.severka.online\/wp-content\/uploads\/2021\/09\/s2_21_titulka-143x200.jpg\" alt=\"\" width=\"214\" height=\"300\" srcset=\"https:\/\/www.severka.online\/wp-content\/uploads\/2021\/09\/s2_21_titulka-143x200.jpg 143w, https:\/\/www.severka.online\/wp-content\/uploads\/2021\/09\/s2_21_titulka-107x150.jpg 107w, https:\/\/www.severka.online\/wp-content\/uploads\/2021\/09\/s2_21_titulka-150x211.jpg 150w, https:\/\/www.severka.online\/wp-content\/uploads\/2021\/09\/s2_21_titulka.jpg 513w\" sizes=\"auto, (max-width: 214px) 100vw, 214px\" \/><\/a>August je letn\u00fd mesiac. E\u0161te. A\u00a0tak sa n\u00e1m podarilo vyda\u0165 letn\u00e9 \u010d\u00edslo Severky e\u0161te v\u00a0lete&#8230; Aj ke\u010f teda s\u00a0me\u0161kan\u00edm, ale zato s\u00a0roz\u0161\u00edren\u00fdm obsahom 36 str\u00e1n.<br \/>\nOkrem Modokovho (\u010d\u00edtaj \u010falej) a\u00a0\u0160up\u00e1kovho zamyslenia v\u00a0Dvorane, prin\u00e1\u0161ame texty o\u00a0hist\u00f3rii T.O. Ondatry, T.O. BOB\u0426I \u2013 Vlci a gratulujeme jubilantom. V\u00a0Pesni\u010dke tul\u00e1ckej sa vraciam k\u00a0\u0160pangrassfestu s\u00a0oslavou 40 rokov kapely Prame\u0148, ktorej pesni\u010dka Tramp je aj na druhej strane ob\u00e1lky. Rubrika je doplnen\u00e1 kr\u00e1tkymi spr\u00e1vami o\u00a0\u00faspechoch z\u00a0gestivalov\u00fdch p\u00f3di\u00ed &#8211; kapely Grajciar v\u00a0Horn\u00edm Jelen\u00ed a\u00a0Pufiho s\u00a0jeho zoskupen\u00edm Stanislav Granec a\u00a0FRENDI v\u00a0\u00dast\u00ed nad Labem. \u010eal\u0161\u00edm jubilantom na hudobnej sc\u00e9ne je Du\u0161an Ko\u0161\u00edk zo zvolenskej Sosny.<br \/>\nV\u00a0spr\u00e1vach z\u00a0ciest Modok spom\u00edna na z\u00e1\u017eitky zo \u0160kandin\u00e1vie a\u00a0v\u00a0dom\u00e1cich tipoch na vander sa p\u00ed\u0161e hne\u010f o\u00a0dvoch lokalit\u00e1ch. Iggy odpor\u00fa\u010da \u0161tiavnick\u00e9 Bralce a\u00a0\u0160midla zas javorn\u00edcku Drot\u00e1riu.<br \/>\nSvoje bajkersk\u00e9 za\u010diatky popisuje s \u00fasmevom Starec a pochecht\u00e1va\u0165 sa m\u00f4\u017ee\u0161 aj na \u010fal\u0161\u00ed pr\u00edspevkoch v rubrike \u0160kodorados\u0165, vr\u00e1tane dvoch obr\u00e1zkov\u00fdch vtipov od Donalda.<br \/>\nV\u00a0\u010deskej \u010dasti liter\u00e1rnej rubriky p\u00ed\u0161e fejt\u00f3nik Hanka a\u00a0b\u00e1sni\u010dky s\u00fa z\u00a0vla\u0148aj\u0161ieho Trapsavca. Slovensk\u00fa \u010das\u0165 reprezentuje kr\u00e1tke predstavenie novej zbierky po\u00e9zie z\u00a0pera T\u00falavej Jackie. Hne\u010f na \u010fal\u0161ej strane popisuje na\u0161u Plan\u00e9tu z\u00e1zrakov.<br \/>\nZ\u00e1ver patr\u00ed ako obvykle str\u00e1nkam \u201evytrhnut\u00fdm z\u00a0canc\u00e1kov\u201c, ale e\u0161te predt\u00fdm predstavujeme v\u00fdrobky \u0161ikovn\u00fdch r\u00fak Zdenky, Wer\u010di a\u00a0Kord\u00edtka.<br \/>\nPadaj\u00fa hviezdy, po\u010fme si nie\u010do \u017eela\u0165. Ja v\u00e1m \u017eel\u00e1m pr\u00edjemn\u00e9 \u010d\u00edtanie.<br \/>\nA \u2013 kto si e\u0161te Severku nezabezpe\u010dil, <strong><a href=\"https:\/\/www.severka.online\/index.php\/faq\/ako-si-objednat-severku\/\" target=\"_blank\" rel=\"noopener\">tu je n\u00e1vod<\/a><\/strong>, ako to m\u00f4\u017ee napravi\u0165&#8230;<\/p>\n<p style=\"text-align: right;\"><em><strong>D\u2019Ady<\/strong><\/em><\/p>\n<p><img loading=\"lazy\" decoding=\"async\" class=\"size-full wp-image-6302 aligncenter\" src=\"https:\/\/www.severka.online\/wp-content\/uploads\/2021\/09\/s2_21_obsah.jpg\" alt=\"\" width=\"551\" height=\"387\" srcset=\"https:\/\/www.severka.online\/wp-content\/uploads\/2021\/09\/s2_21_obsah.jpg 551w, https:\/\/www.severka.online\/wp-content\/uploads\/2021\/09\/s2_21_obsah-285x200.jpg 285w, https:\/\/www.severka.online\/wp-content\/uploads\/2021\/09\/s2_21_obsah-150x105.jpg 150w\" sizes=\"auto, (max-width: 551px) 100vw, 551px\" \/><\/p>\n<h4><strong>Padaj\u00fa hviezdy&#8230; aj my padneme?<\/strong><\/h4>\n<p>Len ned\u00e1vno skon\u010dilo obdobie Perze\u00edd. No\u010dnou oblohou \u010do chv\u00ed\u013eu preblysol z\u00e1blesk meteoru, \u201epadaj\u00facej hviezdy\u201c. Pozorovali sme ich so zaklonen\u00fdmi hlavami od t\u00e1borov\u00fdch oh\u0148ov, \u010di zo spac\u00e1kov pod hviezdnym \u0161ir\u00e1kom. A\u00a0mnoh\u00ed si aj nie\u010do priali.<br \/>\nNed\u00e1vno sme si s\u00a0Andym, \u0161erifom oravskej trampskej osady Ran\u010deri, vymie\u0148ali n\u00e1zory na to, ako m\u00e1 prebieha\u0165 zap\u00e1lenie sl\u00e1vnostn\u00e9ho oh\u0148a. Ak\u00e1 vysok\u00e1 m\u00e1 by\u0165 pagoda. \u010ci m\u00f4\u017ee pri zap\u00e1len\u00ed oh\u0148a hra\u0165 Vlajku aj \u0161erif usporiadaj\u00facej osady.<br \/>\nDumali sme nad t\u00fdm, ako niekdaj\u0161ie trampsk\u00e9 \u201e90%\u00a0 driny a\u00a010% romantiky\u201c nahradil v\u00a0mnoh\u00fdch pr\u00edpadoch sn\u00e1\u010f aj opa\u010dn\u00fd pomer.<br \/>\nA\u00a0mne sa v\u00a0duchu prep\u00ednali obrazy s\u00fa\u010dasn\u00fdch v\u00fdjavov s\u00a0t\u00fdmi z minulosti.<br \/>\nVe\u010f t\u00ed pupkat\u00ed starci, pohodlne usaden\u00ed okolo oh\u0148a v\u00a0rozkladac\u00edch kresl\u00e1ch s\u00a0otvorom na poh\u00e1r, s\u00fa predsa <em>avatarmi<\/em> niekdaj\u0161\u00edch urasten\u00fdch ml\u00e1dencov \u010di diev, \u0161liap\u00facich kilometre lesn\u00fdch ciest kamsi do h\u00f4r, aby so skromn\u00fdm vybaven\u00edm pre\u010dkali noc pri ohni v\u00a0kruhu kamar\u00e1tov.<br \/>\nZa ich chrbtami vtedy e\u0161te neparkovali \u0161tvorkolesov\u00e9 t\u00e1to\u0161e a\u00a0namiesto v\u00a0pohodln\u00fdch kresl\u00e1ch sedeli na smolnatom kuse dreva. Pr\u00edpadn\u00fd sud piva si museli dopravi\u0165 ru\u010dne a\u00a0na \u010dapovanie nebola potrebn\u00e1 elektrina.<br \/>\n\u201eJackie s\u00edce vo svojom poslednom \u010dl\u00e1nku v\u00a0Severke tramping pochovala, ale ja si mysl\u00edm, \u017ee e\u0161te pr\u00edde <em>comeback,\u201c <\/em>zam\u00fd\u0161\u013eal sa Andy.<br \/>\nPr\u00edde? Nepr\u00edde? Ktovie. Padaj\u00fa hviezdy&#8230; aj my padneme?<br \/>\nZatia\u013e sa zd\u00e1, \u017ee v\u00a0tomto b\u00farlivom lete padaj\u00fa hlavne stromy. Ako ten, \u010do po\u010das koncertu spadol na auto Ba\u0161kovi, hudobn\u00edkovi z\u00a0martinsk\u00e9ho Countryclubu. Alebo Blchovi, dia\u013ekoplazovi, cykloplazovi a\u00a0hudobn\u00edkovi z\u00a0T.O. Mal\u00e9 vrany. Aut\u00e1 zni\u010den\u00e9, Blcha nezlomen\u00fd (Ba\u0161kovi vyhl\u00e1sili na auto zbierku a\u00a0teraz u\u017e m\u00e1 auto nov\u00e9). \u017deby d\u00f4sledok zvyku zn\u00e1\u0161a\u0165 t\u00fdch 90% driny?<br \/>\nV\u010dera mi rozochvene volal Pepo, legenda tur\u010diansko-teplick\u00e9ho trampingu (T.O. Zlat\u00e1 hviezda). Dopo\u010dul sa o\u00a0trag\u00e9dii v\u00a0Tur\u010deku, ke\u010f za b\u00farky padaj\u00face teepee zapr\u00ed\u010dinili tragick\u00fd koniec detsk\u00e9ho letn\u00e9ho t\u00e1bora. Chcel vedie\u0165, \u010di sme t\u00ed organiz\u00e1tori boli my.<br \/>\n\u201eNie, Pepo, kamar\u00e1ti, ktor\u00ed u\u017e desa\u0165ro\u010dia organizuj\u00fa detsk\u00e9 t\u00e1bory v\u00a0Rak\u0161i, pre\u010dkali b\u00farku bez n\u00e1sledkov,\u201c upokojil som ho.<br \/>\nPadaj\u00fa stromy&#8230; aj my padneme?<br \/>\nKtovie. Zatia\u013e sa dr\u017e\u00edme.<\/p>\n<p style=\"text-align: right;\"><strong><em>Modok<\/em><\/strong><\/p>\n<p><em>\u00a0ps \u2013 my sa zatia\u013e dr\u017e\u00edme, aby sme v\u00e1m mohli prin\u00e1\u0161a\u0165 nielen \u010dasopis Severka, spevn\u00edky a\u00a0\u010fal\u0161ie tla\u010doviny, ale aj inform\u00e1cie z\u00a0trampsk\u00e9ho diania na Slovensku prostredn\u00edctvom webov\u00fdch str\u00e1nok. Alebo aj vyv\u00edja\u0165 \u010fal\u0161ie aktivity pre podporu, rozvoj a zachovanie p\u00f4vodnej trampskej kult\u00fary a dokument\u00e1cie hist\u00f3rie trampsk\u00e9ho hnutia na Slovensku. <\/em><br \/>\n<em>Na\u0161e sily v\u0161ak maj\u00fa tie\u017e svoje hranice a\u00a0ak nechceme padn\u00fa\u0165 (a zhasn\u00fa\u0165) ako tie hviezdy, potrebujeme ak\u00fatne \u010fal\u0161\u00edch (a mlad\u0161\u00edch) spolupracovn\u00edkov. V\u00a0s\u00fa\u010dasnosti by sme uv\u00edtali pomoc kamar\u00e1ta \/ kamar\u00e1tky, ktor\u00fd je zbehl\u00fd v\u00a0pr\u00e1ci s\u00a0po\u010d\u00edta\u010dovou grafikou a\u00a0sadzbou, pr\u00e1cou v\u00a0programe Adobe InDesign. Odozvu \u010dak\u00e1me na na\u0161ej <a href=\"mailto: tz.severka@gmail.com\"><strong>mailovej adrese<\/strong><\/a>.<\/em><\/p>\n<p style=\"text-align: right;\"><strong>za TZ Severka, \u0161\u00e9fredaktor D\u2019Ady<\/strong><\/p>\n","protected":false},"excerpt":{"rendered":"<p>August je letn\u00fd mesiac. E\u0161te. A\u00a0tak sa n\u00e1m podarilo vyda\u0165 letn\u00e9 \u010d\u00edslo Severky e\u0161te v\u00a0lete&#8230; Aj ke\u010f teda s\u00a0me\u0161kan\u00edm, ale zato s\u00a0roz\u0161\u00edren\u00fdm obsahom 36 str\u00e1n. Okrem Modokovho (\u010d\u00edtaj \u010falej) a\u00a0\u0160up\u00e1kovho zamyslenia v\u00a0Dvorane, prin\u00e1\u0161ame texty o\u00a0hist\u00f3rii T.O. Ondatry, T.O. BOB\u0426I \u2013 Vlci a gratulujeme jubilantom. V\u00a0Pesni\u010dke tul\u00e1ckej sa vraciam k\u00a0\u0160pangrassfestu s\u00a0oslavou 40 rokov kapely Prame\u0148, ktorej pesni\u010dka Tramp je aj na druhej strane ob\u00e1lky. Rubrika je doplnen\u00e1 kr\u00e1tkymi spr\u00e1vami o\u00a0\u00faspechoch z\u00a0gestivalov\u00fdch p\u00f3di\u00ed &#8211; kapely Grajciar v\u00a0Horn\u00edm Jelen\u00ed a\u00a0Pufiho s\u00a0jeho zoskupen\u00edm Stanislav Granec a\u00a0FRENDI v\u00a0\u00dast\u00ed nad Labem. \u010eal\u0161\u00edm jubilantom na hudobnej sc\u00e9ne je Du\u0161an Ko\u0161\u00edk zo zvolenskej Sosny. V\u00a0spr\u00e1vach z\u00a0ciest Modok spom\u00edna&#8230;<\/p>\n<p> <a class=\"continue-reading-link\" href=\"https:\/\/www.severka.online\/index.php\/2021\/09\/01\/padaju-hviezdy\/\"><span>Pokra\u010dovanie \u010dl\u00e1nku<\/span><i class=\"crycon-right-dir\"><\/i><\/a> <\/p>\n","protected":false},"author":1,"featured_media":0,"comment_status":"closed","ping_status":"closed","sticky":false,"template":"","format":"standard","meta":{"footnotes":""},"categories":[4,6],"tags":[25],"class_list":["post-6301","post","type-post","status-publish","format-standard","hentry","category-zdruzenie","category-casopis","tag-casopis-severka"],"_links":{"self":[{"href":"https:\/\/www.severka.online\/index.php\/wp-json\/wp\/v2\/posts\/6301","targetHints":{"allow":["GET"]}}],"collection":[{"href":"https:\/\/www.severka.online\/index.php\/wp-json\/wp\/v2\/posts"}],"about":[{"href":"https:\/\/www.severka.online\/index.php\/wp-json\/wp\/v2\/types\/post"}],"author":[{"embeddable":true,"href":"https:\/\/www.severka.online\/index.php\/wp-json\/wp\/v2\/users\/1"}],"replies":[{"embeddable":true,"href":"https:\/\/www.severka.online\/index.php\/wp-json\/wp\/v2\/comments?post=6301"}],"version-history":[{"count":1,"href":"https:\/\/www.severka.online\/index.php\/wp-json\/wp\/v2\/posts\/6301\/revisions"}],"predecessor-version":[{"id":6304,"href":"https:\/\/www.severka.online\/index.php\/wp-json\/wp\/v2\/posts\/6301\/revisions\/6304"}],"wp:attachment":[{"href":"https:\/\/www.severka.online\/index.php\/wp-json\/wp\/v2\/media?parent=6301"}],"wp:term":[{"taxonomy":"category","embeddable":true,"href":"https:\/\/www.severka.online\/index.php\/wp-json\/wp\/v2\/categories?post=6301"},{"taxonomy":"post_tag","embeddable":true,"href":"https:\/\/www.severka.online\/index.php\/wp-json\/wp\/v2\/tags?post=6301"}],"curies":[{"name":"wp","href":"https:\/\/api.w.org\/{rel}","templated":true}]}}