{"id":811,"date":"2019-05-02T11:12:45","date_gmt":"2019-05-02T09:12:45","guid":{"rendered":"http:\/\/www.severka.online\/?p=811"},"modified":"2020-04-08T16:18:52","modified_gmt":"2020-04-08T14:18:52","slug":"po-jari-prichadza-aj-nova-severka","status":"publish","type":"post","link":"https:\/\/www.severka.online\/index.php\/2019\/05\/02\/po-jari-prichadza-aj-nova-severka\/","title":{"rendered":"Po jari prich\u00e1dza aj nov\u00e1 Severka"},"content":{"rendered":"<p style=\"text-align: left;\"><a href=\"https:\/\/www.severka.online\/wp-content\/uploads\/s1_19_titulka.jpg\"><img loading=\"lazy\" decoding=\"async\" class=\"alignleft wp-image-810 size-medium\" src=\"https:\/\/www.severka.online\/wp-content\/uploads\/s1_19_titulka-213x300.jpg\" alt=\"\" width=\"213\" height=\"300\" \/><\/a>\u010c\u00edslo 1\/2019, v roku, ke\u010f si pripomenieme 30 rokov vyd\u00e1vania n\u00e1\u0161ho trampsk\u00e9ho ob\u010dasn\u00edka, u\u017e putuje po\u0161tou k z\u00e1ujemcom.<br \/>\nPo \u00favodnom zamyslen\u00ed \u0160upk\u00e1ka a D\u2019Adyho nasleduje rubrika Pesni\u010dka tul\u00e1cka. V nej dominuj\u00fa inform\u00e1cie o vydan\u00ed druh\u00e9ho dielu spevn\u00edka \u201ePiesne od trampsk\u00fdch oh\u0148ov &#8211; Regi\u00f3n Turiec 2\u201c. Je objemnej\u0161\u00ed ako prv\u00fd diel \u2013 autorsk\u00fd kamar\u00e1ta Dolfa a obsahuje 44 piesn\u00ed \u0161irok\u00e9ho spektra tur\u010dianskych autorov a interpretov. Jedn\u00fdm z nich je aj Gu\u013ea, ktor\u00e9ho pesni\u010dku \u201es pr\u00edbehom\u201c Mihaela uverej\u0148ujeme aj s notov\u00fdm z\u00e1znamom.<br \/>\nRubrika Po stop\u00e1ch tul\u00e1kov za\u010d\u00edna spomienkou na ned\u00e1vno zosnul\u00e9ho kamar\u00e1ta Fr\u0148\u00e1ka, ktor\u00fd bol e\u0161te mesiac predt\u00fdm krstn\u00fdm otcom vy\u0161\u0161ie spom\u00ednan\u00e9ho spevn\u00edka&#8230; Pokra\u010dujeme malou sondou do hist\u00f3rie trampingu v Spi\u0161skej Novej Vsi a pre\u0161ovskej T.O. Tulene, ktor\u00e9 spracovala Amazonka. Preh\u013ead v\u00fdro\u010d\u00ed trampsk\u00fdch os\u00e1d je v tomto \u010d\u00edsle venovan\u00fd t\u00fdm najstar\u0161\u00edm \u2013 medzivojnov\u00fdm.<br \/>\nV spr\u00e1vach z ciest sa tentokr\u00e1t vyd\u00e1vame na (be\u017ene nedostupn\u00e9) morsk\u00e9 pl\u00e1ne s kamar\u00e1tom Dobrodruhom. Ten absolvoval dve n\u00e1morn\u00e9 plavby Tall Ship Race na palube plachetn\u00edc a svoje z\u00e1\u017eitky sprostredkoval aj \u010ditate\u013eom Severky.<br \/>\nNapriek tomu, \u017ee Tip na vander orientujeme zv\u00e4\u010d\u0161a na \u00fazemie Slovenska, jedn\u00fdm z Ba\u010dov\u00fdch cie\u013eov bola tentokr\u00e1t \u201eve\u013eryba\u201c. A e\u0161te aj vrch V\u00e1pe\u010d. Nechajte sa prekvapi\u0165&#8230;<br \/>\nDo rubr\u00edk Porta Bohemica a Ke\u010f n\u00e1s nav\u0161t\u00edvi m\u00faza vyber\u00e1me obvykle b\u00e1sni\u010dky a poviedky autorov zo s\u00fa\u0165a\u017ee Trapsavec. Nie je tomu inak ani v tomto \u010d\u00edsle. A ke\u010f\u017ee o necel\u00fd mesiac sa bude kona\u0165 zas sl\u00e1vnostn\u00fd ohe\u0148 Trapsavca s vyhodnoten\u00edm aktu\u00e1lneho ro\u010dn\u00edka, tak ver\u00edme, \u017ee zas bude z \u010doho vybera\u0165. Len t\u00fdch slovensk\u00fdch autorov a pr\u00e1c, keby bolo viacej&#8230;<br \/>\nP\u00e1r humorn\u00fdch drobnost\u00ed na Texiho z popradskej Nevady prezradil \u0161kodoradostne Modok a posledn\u00e9 dve strany s\u00fa venovan\u00e9 kr\u00e1tkym spr\u00e1vam z trampsk\u00e9ho diania od Mal\u00fdch Karp\u00e1t a\u017e po v\u00fdchodoslovensk\u00fa n\u00ed\u017einu.<br \/>\nObsah dop\u013a\u0148aj\u00fa pozv\u00e1nky na <a href=\"https:\/\/www.severka.online\/index.php\/events\/25-trampska-tvorivost\/\" target=\"_blank\" rel=\"noopener noreferrer\">25. ro\u010dn\u00edk Trampskej tvorivosti<\/a> a <a href=\"https:\/\/www.severka.online\/index.php\/events\/blatina\/\" target=\"_blank\" rel=\"noopener noreferrer\">10. ro\u010dn\u00edk festivalu trampskej piesne Blatina<\/a>.<\/p>\n<p style=\"text-align: right;\"><strong><em>D\u2019Ady<\/em><\/strong><\/p>\n","protected":false},"excerpt":{"rendered":"<p>\u010c\u00edslo 1\/2019, v roku, ke\u010f si pripomenieme 30 rokov vyd\u00e1vania n\u00e1\u0161ho trampsk\u00e9ho ob\u010dasn\u00edka, u\u017e putuje po\u0161tou k z\u00e1ujemcom. Po \u00favodnom zamyslen\u00ed \u0160upk\u00e1ka a D\u2019Adyho nasleduje rubrika Pesni\u010dka tul\u00e1cka. V nej dominuj\u00fa inform\u00e1cie o vydan\u00ed druh\u00e9ho dielu spevn\u00edka \u201ePiesne od trampsk\u00fdch oh\u0148ov &#8211; Regi\u00f3n Turiec 2\u201c. Je objemnej\u0161\u00ed ako prv\u00fd diel \u2013 autorsk\u00fd kamar\u00e1ta Dolfa a obsahuje 44 piesn\u00ed \u0161irok\u00e9ho spektra tur\u010dianskych autorov a interpretov. Jedn\u00fdm z nich je aj Gu\u013ea, ktor\u00e9ho pesni\u010dku \u201es pr\u00edbehom\u201c Mihaela uverej\u0148ujeme aj s notov\u00fdm z\u00e1znamom. Rubrika Po stop\u00e1ch tul\u00e1kov za\u010d\u00edna spomienkou na ned\u00e1vno zosnul\u00e9ho kamar\u00e1ta Fr\u0148\u00e1ka, ktor\u00fd bol e\u0161te mesiac predt\u00fdm krstn\u00fdm otcom vy\u0161\u0161ie spom\u00ednan\u00e9ho&#8230;<\/p>\n<p> <a class=\"continue-reading-link\" href=\"https:\/\/www.severka.online\/index.php\/2019\/05\/02\/po-jari-prichadza-aj-nova-severka\/\"><span>Pokra\u010dovanie \u010dl\u00e1nku<\/span><i class=\"crycon-right-dir\"><\/i><\/a> <\/p>\n","protected":false},"author":1,"featured_media":0,"comment_status":"closed","ping_status":"closed","sticky":false,"template":"","format":"standard","meta":{"footnotes":""},"categories":[6],"tags":[25],"class_list":["post-811","post","type-post","status-publish","format-standard","hentry","category-casopis","tag-casopis-severka"],"_links":{"self":[{"href":"https:\/\/www.severka.online\/index.php\/wp-json\/wp\/v2\/posts\/811","targetHints":{"allow":["GET"]}}],"collection":[{"href":"https:\/\/www.severka.online\/index.php\/wp-json\/wp\/v2\/posts"}],"about":[{"href":"https:\/\/www.severka.online\/index.php\/wp-json\/wp\/v2\/types\/post"}],"author":[{"embeddable":true,"href":"https:\/\/www.severka.online\/index.php\/wp-json\/wp\/v2\/users\/1"}],"replies":[{"embeddable":true,"href":"https:\/\/www.severka.online\/index.php\/wp-json\/wp\/v2\/comments?post=811"}],"version-history":[{"count":3,"href":"https:\/\/www.severka.online\/index.php\/wp-json\/wp\/v2\/posts\/811\/revisions"}],"predecessor-version":[{"id":816,"href":"https:\/\/www.severka.online\/index.php\/wp-json\/wp\/v2\/posts\/811\/revisions\/816"}],"wp:attachment":[{"href":"https:\/\/www.severka.online\/index.php\/wp-json\/wp\/v2\/media?parent=811"}],"wp:term":[{"taxonomy":"category","embeddable":true,"href":"https:\/\/www.severka.online\/index.php\/wp-json\/wp\/v2\/categories?post=811"},{"taxonomy":"post_tag","embeddable":true,"href":"https:\/\/www.severka.online\/index.php\/wp-json\/wp\/v2\/tags?post=811"}],"curies":[{"name":"wp","href":"https:\/\/api.w.org\/{rel}","templated":true}]}}