{"id":9219,"date":"2024-05-27T22:51:13","date_gmt":"2024-05-27T20:51:13","guid":{"rendered":"https:\/\/www.severka.online\/?p=9219"},"modified":"2024-05-27T22:57:58","modified_gmt":"2024-05-27T20:57:58","slug":"vysledky-31-rocnika-sutaze-trasa","status":"publish","type":"post","link":"https:\/\/www.severka.online\/index.php\/2024\/05\/27\/vysledky-31-rocnika-sutaze-trasa\/","title":{"rendered":"V\u00ddSLEDKY 31. RO\u010cN\u00cdKA S\u00da\u0164A\u017dE TRASA"},"content":{"rendered":"<p><strong> <img loading=\"lazy\" decoding=\"async\" class=\"alignleft wp-image-4980\" src=\"https:\/\/www.severka.online\/wp-content\/uploads\/2020\/09_trapsavec\/trasa_logo.png\" alt=\"\" width=\"200\" height=\"168\" srcset=\"https:\/\/www.severka.online\/wp-content\/uploads\/2020\/09_trapsavec\/trasa_logo.png 300w, https:\/\/www.severka.online\/wp-content\/uploads\/2020\/09_trapsavec\/trasa_logo-150x126.png 150w\" sizes=\"auto, (max-width: 200px) 100vw, 200px\" \/><\/strong>Vyhl\u00e1senie v\u00fdsledkov sa konalo na spolo\u010dnom ohni Trapsavca a\u00a0Trasy v\u00a0bl\u00edzkosti obce Kadov (okr. Strakonice) v\u00a0d\u0148och 24. &#8211; 26. 5. 2024<\/p>\n<p>Organiz\u00e1torsk\u00fa vlajku v\u00a0novom preveden\u00ed ofici\u00e1lne prevzal Peter Jokl \u2013 Joko.<\/p>\n<p>Aj tentokr\u00e1t pote\u0161ilo po\u010detn\u00e9 zast\u00fapenie autorov zo Slovenska, z\u00a0ktor\u00fdch niektor\u00ed si &#8211; v\u00a0silnej konkurencii skvel\u00fdch pr\u00e1c, odniesli aj ocenenia, vr\u00e1tane hlavnej ceny \u201eD\u011bdka Tras\u00e1ka\u201c.<\/p>\n<p>Zop\u00e1r \u010d\u00edsel do faktografick\u00e9ho preh\u013eadu n\u00e1jde\u0161 na str\u00e1nkach TRASY \u2013 <a href=\"http:\/\/trasa.webnode.cz\" target=\"_blank\" rel=\"noopener\">trasa.webnode.cz<\/a><\/p>\n<p>&nbsp;<\/p>\n<p><u><strong>Putovn\u00e1 hlavn\u00e1 cena &#8211; D\u011bdek Tras\u00e1k<\/strong><\/u><\/p>\n<p><strong>Marta Furd\u00edkov\u00e1 &#8211; \u0160midla<\/strong> za fotografiu \u0160tajersk\u00e1 jelenia ruja z kr\u00e1\u013eovskej l\u00f3\u017ee<\/p>\n<p><img decoding=\"async\" id=\"detail-image\" class=\"photo-only\" src=\"https:\/\/img42.rajce.idnes.cz\/d4202\/19\/19013\/19013598_634df166cd19b99f7361bd2c4ad731ca\/images\/tajerskjeleniarujazkrovskejle.jpg?ver=0\" alt=\"\" \/><\/p>\n<p><u>Kateg\u00f3ria M\u016fj bydl\u00edk \u2013 m\u016fj hrad<\/u><\/p>\n<p>1.miesto: <strong>Marta Furd\u00edkov\u00e1 &#8211; \u0160midla \/ \u0160tajersk\u00e1 jelenia ruja z kr\u00e1\u013eovskej l\u00f3\u017ee<br \/>\n<\/strong>2.miesto: \u0160t\u011bp\u00e1n Ha\u0161ek &#8211; Jmel\u00ed \/ Ve\u010der na Calimanu<br \/>\n3.miesto: Marta Furd\u00edkov\u00e1 &#8211; \u0160midla \/ Plachta, octan &amp; lejak Story<\/p>\n<p><u>Kateg\u00f3ria Voln\u00e9 t\u00e9ma<\/u><\/p>\n<p>1.miesto: Magdalena Dvo\u0159\u00e1kov\u00e1 &#8211; Waki \/ Noc kouzel<br \/>\n2.miesto: Magdalena Dvo\u0159\u00e1kov\u00e1 &#8211; Waki \/ Tu noc padaly hv\u011bzdy<br \/>\n3.miesto: Milo\u0161 Stanko &#8211; Tulda \/ Barevn\u00e9 sv\u00edt\u00e1n\u00ed<\/p>\n<p><u>Kateg\u00f3ria Voln\u00e9 t\u00e9ma pro pokro\u010dil\u00e9<\/u><\/p>\n<p>1.miesto: <strong>Peter Pint\u00e9r &#8211; FOtep \/ Na dlhej l\u00fake<br \/>\n<\/strong>2.miesto: \u0160t\u011bp\u00e1n Ha\u0161ek &#8211; Jmel\u00ed \/ Maramures<br \/>\n3.miesto: Stanislav Khol &#8211; Pavouckej \/ Vrchol i tramp byl doby(i)t<br \/>\n3.miesto: \u0160t\u011bp\u00e1n Ha\u0161ek \u2013 Jmel\u00ed \/ Setk\u00e1ni v mlze<\/p>\n<p><u>Kateg\u00f3ria Trampsk\u00e1 grafika<\/u><\/p>\n<p>1.miesto: <strong>Magdal\u00e9na Joklov\u00e1 &#8211; MEggy \/ Lesoryt<br \/>\n<\/strong>2.miesto: <strong>Marta Furd\u00edkov\u00e1 &#8211; \u0160midla \/ \u010co najdlh\u0161\u00ed mot\u00faz snom a t\u00fa\u017ebam<br \/>\n<\/strong>3.miesto: Zden\u011bk Vorl\u00ed\u010dek &#8211; Brouk \/ Vandrem po Roverk\u00e1ch v srpnu 2018<\/p>\n<p><u>Kateg\u00f3ria Trampsk\u00e1 tvo\u0159ivost<\/u><\/p>\n<p>1.miesto: Jan Fr\u00e1na &#8211; Hafran \/ Trapsavecko-tras\u00e1ck\u00e1 ko\u017een\u00e1 d\u00e1ma<br \/>\n2.miesto: Jan Ka\u0161par &#8211; Benny \/ Hur\u00e1 na potlach!<br \/>\n3.miesto: Radek Hausner &#8211; Hauzi \/ Trampsk\u00e1 osada<br \/>\n3.miesto: Milo\u0161 Stehl\u00ed\u010dek &#8211; Stehla \/ V\u011brnost osad\u011b<\/p>\n<p>O\u00a0v\u00ed\u0165azoch tohto ro\u010dn\u00edka rozhodovala porota v\u00a0zlo\u017een\u00ed:<br \/>\nBarbora Wirnitzerov\u00e1 &#8211; Deneb, Iva Spurn\u00e1 &#8211; Draculea, <strong>Bohdan Mezei &#8211; Haluz<\/strong>, Petr Novotn\u00fd &#8211; Perry, Ji\u0159\u00ed Macek &#8211; \u010ciksika ( Kateg\u00f3ria Trampsk\u00e9 grafiky a\u00a0tvo\u0159ivosti s\u00a0n\u00edm hodnotil i\u00a0Netop\u00fdr )<\/p>\n<p>V\u0161etky v\u00ed\u0165azn\u00e9 pr\u00edspevky n\u00e1jde\u0161 na str\u00e1nke <a href=\"https:\/\/www.rajce.idnes.cz\/soutez-trasa\/album\/trasa-2024-vitezne-prispevky\" target=\"_blank\" rel=\"noopener\">https:\/\/www.rajce.idnes.cz\/soutez-trasa\/album\/trasa-2024-vitezne-prispevky<\/a><\/p>\n<p>V\u0161etky s\u00fa\u0165a\u017en\u00e9 pr\u00e1ce vo fotoalbume <a href=\"https:\/\/www.rajce.idnes.cz\/soutez-trasa\/album\/trasa-2024-soutezni-prispevky\" target=\"_blank\" rel=\"noopener\">https:\/\/www.rajce.idnes.cz\/soutez-trasa\/album\/trasa-2024-soutezni-prispevky<\/a><\/p>\n<p>&nbsp;<\/p>\n","protected":false},"excerpt":{"rendered":"<p>Vyhl\u00e1senie v\u00fdsledkov sa konalo na spolo\u010dnom ohni Trapsavca a\u00a0Trasy v\u00a0bl\u00edzkosti obce Kadov (okr. Strakonice) v\u00a0d\u0148och 24. &#8211; 26. 5. 2024 Organiz\u00e1torsk\u00fa vlajku v\u00a0novom preveden\u00ed ofici\u00e1lne prevzal Peter Jokl \u2013 Joko. Aj tentokr\u00e1t pote\u0161ilo po\u010detn\u00e9 zast\u00fapenie autorov zo Slovenska, z\u00a0ktor\u00fdch niektor\u00ed si &#8211; v\u00a0silnej konkurencii skvel\u00fdch pr\u00e1c, odniesli aj ocenenia, vr\u00e1tane hlavnej ceny \u201eD\u011bdka Tras\u00e1ka\u201c. Zop\u00e1r \u010d\u00edsel do faktografick\u00e9ho preh\u013eadu n\u00e1jde\u0161 na str\u00e1nkach TRASY \u2013 trasa.webnode.cz &nbsp; Putovn\u00e1 hlavn\u00e1 cena &#8211; D\u011bdek Tras\u00e1k Marta Furd\u00edkov\u00e1 &#8211; \u0160midla za fotografiu \u0160tajersk\u00e1 jelenia ruja z kr\u00e1\u013eovskej l\u00f3\u017ee Kateg\u00f3ria M\u016fj bydl\u00edk \u2013 m\u016fj hrad 1.miesto: Marta Furd\u00edkov\u00e1 &#8211; \u0160midla \/ \u0160tajersk\u00e1 jelenia ruja z&#8230;<\/p>\n<p> <a class=\"continue-reading-link\" href=\"https:\/\/www.severka.online\/index.php\/2024\/05\/27\/vysledky-31-rocnika-sutaze-trasa\/\"><span>Pokra\u010dovanie \u010dl\u00e1nku<\/span><i class=\"crycon-right-dir\"><\/i><\/a> <\/p>\n","protected":false},"author":1,"featured_media":4980,"comment_status":"closed","ping_status":"closed","sticky":false,"template":"","format":"standard","meta":{"footnotes":""},"categories":[10],"tags":[40],"class_list":["post-9219","post","type-post","status-publish","format-standard","has-post-thumbnail","hentry","category-vedia","tag-tvorba"],"_links":{"self":[{"href":"https:\/\/www.severka.online\/index.php\/wp-json\/wp\/v2\/posts\/9219","targetHints":{"allow":["GET"]}}],"collection":[{"href":"https:\/\/www.severka.online\/index.php\/wp-json\/wp\/v2\/posts"}],"about":[{"href":"https:\/\/www.severka.online\/index.php\/wp-json\/wp\/v2\/types\/post"}],"author":[{"embeddable":true,"href":"https:\/\/www.severka.online\/index.php\/wp-json\/wp\/v2\/users\/1"}],"replies":[{"embeddable":true,"href":"https:\/\/www.severka.online\/index.php\/wp-json\/wp\/v2\/comments?post=9219"}],"version-history":[{"count":5,"href":"https:\/\/www.severka.online\/index.php\/wp-json\/wp\/v2\/posts\/9219\/revisions"}],"predecessor-version":[{"id":9224,"href":"https:\/\/www.severka.online\/index.php\/wp-json\/wp\/v2\/posts\/9219\/revisions\/9224"}],"wp:featuredmedia":[{"embeddable":true,"href":"https:\/\/www.severka.online\/index.php\/wp-json\/wp\/v2\/media\/4980"}],"wp:attachment":[{"href":"https:\/\/www.severka.online\/index.php\/wp-json\/wp\/v2\/media?parent=9219"}],"wp:term":[{"taxonomy":"category","embeddable":true,"href":"https:\/\/www.severka.online\/index.php\/wp-json\/wp\/v2\/categories?post=9219"},{"taxonomy":"post_tag","embeddable":true,"href":"https:\/\/www.severka.online\/index.php\/wp-json\/wp\/v2\/tags?post=9219"}],"curies":[{"name":"wp","href":"https:\/\/api.w.org\/{rel}","templated":true}]}}