{"id":9270,"date":"2024-06-13T00:42:59","date_gmt":"2024-06-12T22:42:59","guid":{"rendered":"https:\/\/www.severka.online\/?p=9270"},"modified":"2024-06-13T00:55:56","modified_gmt":"2024-06-12T22:55:56","slug":"48-rocnik-festivalu-trampskych-pisni","status":"publish","type":"post","link":"https:\/\/www.severka.online\/index.php\/2024\/06\/13\/48-rocnik-festivalu-trampskych-pisni\/","title":{"rendered":"48. ro\u010dn\u00edk Festivalu trampsk\u00fdch p\u00edsn\u00ed"},"content":{"rendered":"<p><strong><a href=\"https:\/\/www.severka.online\/wp-content\/uploads\/2024\/06\/00_kftp_hornijeleni_s.jpg\"><img loading=\"lazy\" decoding=\"async\" class=\"size-medium wp-image-9250 alignleft\" src=\"https:\/\/www.severka.online\/wp-content\/uploads\/2024\/06\/00_kftp_hornijeleni_s-140x200.jpg\" alt=\"\" width=\"140\" height=\"200\" srcset=\"https:\/\/www.severka.online\/wp-content\/uploads\/2024\/06\/00_kftp_hornijeleni_s-140x200.jpg 140w, https:\/\/www.severka.online\/wp-content\/uploads\/2024\/06\/00_kftp_hornijeleni_s-105x150.jpg 105w, https:\/\/www.severka.online\/wp-content\/uploads\/2024\/06\/00_kftp_hornijeleni_s-150x214.jpg 150w, https:\/\/www.severka.online\/wp-content\/uploads\/2024\/06\/00_kftp_hornijeleni_s.jpg 505w\" sizes=\"auto, (max-width: 140px) 100vw, 140px\" \/><\/a>48. ro\u010dn\u00edk Festivalu trampsk\u00fdch p\u00edsn\u00ed prob\u011bhl ve dnech 24. \u2013 26. 5. 2024.<\/strong><\/p>\n<p>Trampsk\u00fd B\u016fh na\u0161t\u011bst\u00ed nedopustil, aby na\u0161e n\u011bkolikam\u011bs\u00ed\u010dn\u00ed organiza\u010dn\u00ed \u00fasil\u00ed bylo zma\u0159eno \u0161patn\u00fdm po\u010das\u00edm. I d\u00edky tomu m\u016f\u017eeme zhodnotit, \u017ee n\u00e1v\u0161t\u011bvnost naplnila na\u0161e o\u010dek\u00e1v\u00e1n\u00ed. T\u011b\u0161\u00ed n\u00e1s, \u017ee m\u00e1me svoji <em>tradi\u010dn\u00ed div\u00e1ckou z\u00e1kladnu<\/em> a na festivalu se ka\u017ed\u00fd rok potk\u00e1v\u00e1me se zn\u00e1m\u00fdmi tv\u00e1\u0159emi, kter\u00e9 sem jezd\u00ed n\u011bkolik let, n\u011bkdy i des\u00edtky. Mezi div\u00e1ky jsme uv\u00edtali i\u00a0n\u011bkter\u00e9 zn\u00e1m\u00e9 osobnosti trampsk\u00e9ho sv\u011bta a moc si v\u00e1\u017e\u00edme n\u00e1v\u0161t\u011bvy i slovensk\u00fdch poslucha\u010d\u016f tohoto \u017e\u00e1nru (nejvzd\u00e1len\u011bj\u0161\u00ed \u00fa\u010dastn\u00edk byl z\u00a0Ko\u0161ic). Za \u00fa\u010delem zv\u011bt\u0161en\u00ed hledi\u0161t\u011b jsme letos provedli drobn\u00e9 prostorov\u00e9 zm\u011bny, kter\u00e9 byly n\u00e1v\u0161t\u011bvn\u00edky kvitov\u00e1ny.<br \/>\nI v\u00a0roce 2024 nepolevil <em>z\u00e1jem hudebn\u00edch skupin<\/em> na Jelen\u00ed vystupovat a div\u00e1k\u016fm p\u0159ipom\u00ednat star\u0161\u00ed trampsk\u00e9 p\u00edsni\u010dky, kter\u00e9 nastuduj\u00ed t\u0159eba i d\u00edky spolupr\u00e1ci s\u00a0<em>Archivem trampsk\u00fdch p\u00edsn\u00ed<\/em>. Z\u00e1rove\u0148 se kapely mohly pochlubit i svoj\u00ed autorskou tvorbou, k\u00a0\u010demu\u017e se je sna\u017e\u00edme motivovat vyhl\u00e1\u0161en\u00edm <em>sout\u011b\u017ee o t\u0159i nejlep\u0161\u00ed p\u00edsn\u011b z\u00a0vlastn\u00ed tvorby<\/em>. Porota i div\u00e1ci konstatovali vysokou \u00farove\u0148 vystoupen\u00ed mnoha z\u00fa\u010dastn\u011bn\u00fdch skupin i zlep\u0161en\u00ed v interpretaci p\u00edsn\u00ed do roku 1950 &#8211; n\u011bkter\u00e9 kapely za\u0159adily \u00a0m\u00e1lo zn\u00e1m\u00e9 p\u00edsn\u011b nastudovan\u00e9 z notov\u00fdch materi\u00e1l\u016f. P\u0159esto\u017ee se n\u00e1m p\u0159irozen\u011b nevyh\u00fdbaj\u00ed diskuse o tom, co je\u0161t\u011b je a nen\u00ed trampsk\u00e1 p\u00edse\u0148 a zda aran\u017ee skladeb napl\u0148uj\u00ed pomysln\u00e1 krit\u00e9ria tohoto \u017e\u00e1nru, st\u00e1le v\u011bt\u0161ina p\u00edsn\u00ed m\u00e1 trampsk\u00e9ho ducha. A to je c\u00edl po\u0159\u00e1d\u00e1n\u00ed na\u0161eho festivalu. V\u00a0sobotn\u00ed podve\u010der si div\u00e1ci mohli vychutnat vystoupen\u00ed porotc\u016f, ale hlavn\u011b pozvan\u00fdch host\u016f \u2013 kapel <em>Kamar\u00e1di Choce\u0148 a\u00a0Fale\u0161n\u00e9 karty z\u00a0Nov\u00e9ho M\u011bsta na Morav\u011b<\/em>.<br \/>\nMelodie a zp\u011bvy utichly a\u017e p\u0159i rozb\u0159esku ned\u011bln\u00edho r\u00e1na, jam sessiony na v\u0161ech r\u016fzn\u00fdch m\u00edstech jsou typick\u00fdm pr\u016fvodn\u00edm jevem na\u0161eho festivalu a asi i velk\u00fdm d\u016fvodem, pro\u010d k\u00a0n\u00e1m n\u00e1v\u0161t\u011bvn\u00edci r\u00e1di jezd\u00ed.<br \/>\nV\u00a0porot\u011b letos vedle star\u0161\u00edch a zku\u0161en\u00fdch matador\u016f (<em>Jan Jelen Novotn\u00fd, \u010cestm\u00edr Johan Prymus, Ji\u0159\u00ed Klamo\u0161 Nov\u00e1k<\/em>) zasedli i z\u00e1stupci mlad\u0161\u00ed muzikantsk\u00e9 generace, nem\u00e9n\u011b v\u0161ak zku\u0161en\u00ed (<em>Jakub Jirou\u0161ek, Honza Pratt<\/em>). Festival se n\u00e1m tud\u00ed\u017e omlazuje na v\u0161ech front\u00e1ch.<br \/>\nSlavili jsme a gratulovali. <em>Sedmdes\u00e1tku oslavil zakladatel festivalu &#8211; Ji\u0159\u00ed Fred Jedli\u010dka<\/em> \u2013 a\u00a0pades\u00e1tku jsme p\u0159ed\u00e1vali na dortu chrudimsk\u00e9 kapele<em> Chrpa<\/em>, kter\u00e1 na podzim oslav\u00ed v\u00fdro\u010d\u00ed zalo\u017een\u00ed.<br \/>\nNovinkou leto\u0161n\u00edho ro\u010dn\u00edku byl posun k\u00a0\u0161etrn\u011bj\u0161\u00edmu nakl\u00e1d\u00e1n\u00ed s odpadem \u2013 n\u00e1v\u0161t\u011bvn\u00edci si jako suven\u00fdr mohli odn\u00e9st n\u00e1pojov\u00fd festivalov\u00fd kel\u00edmek, co\u017e pomohlo redukovat mno\u017estv\u00ed plastov\u00e9ho odpadu.<br \/>\nT\u0159\u00eddenn\u00ed akci p\u0159edch\u00e1z\u00ed des\u00edtky, stovky a\u017e tis\u00edce hodin p\u0159\u00edpravn\u00fdch prac\u00ed, kter\u00e9 n\u00e1\u0161 organiza\u010dn\u00ed t\u00fdm stoj\u00ed dost sil. Sna\u017e\u00edme se st\u00e1le pracovat na zlep\u0161en\u00ed tak, aby se v\u0161em, kte\u0159\u00ed do\u00a0Horn\u00edho Jelen\u00ed posledn\u00ed v\u00edkend v\u00a0kv\u011btnu p\u0159ijedou, u n\u00e1s l\u00edbilo. Na z\u00e1klad\u011b zp\u011btn\u00e9 vazby \u00fa\u010dastn\u00edk\u016f hodnot\u00edme, \u017ee se to da\u0159\u00ed a \u017ee n\u00e1\u0161 festival p\u00edsni\u010dek s\u00a0v\u016fn\u00ed jehli\u010d\u00ed zauj\u00edm\u00e1 sv\u00e9 d\u016fle\u017eit\u00e9 m\u00edsto mezi akcemi podobn\u00e9ho druhu.<\/p>\n<p style=\"text-align: right;\"><em><strong>Lenka Kellerov\u00e1<\/strong><\/em><\/p>\n<p>&nbsp;<\/p>\n<p><strong>P\u0159ihl\u00e1\u0161en\u00e9 kapely:<\/strong><\/p>\n<p>Ajeto Praha<br \/>\nB.P.T. Zl\u00edn<br \/>\nCo d\u016fm dal Choce\u0148<br \/>\nCountry Colaps Pardubice<br \/>\nDokto\u0159i Praha<br \/>\nDom\u00fcno \u010cesk\u00e1 T\u0159ebov\u00e1<br \/>\nHlas hor Liberec a okol\u00ed<br \/>\nHudla\u0159i Brno<br \/>\nChrpa Chrudim<br \/>\nLouisiana comeback Hradec Kr\u00e1lov\u00e9<br \/>\nKoyoti Rtyn\u011b v\u00a0Podkrkono\u0161\u00ed<br \/>\nM\u0148au m\u0148au band Dobrovice<br \/>\nRacio Ostrava<br \/>\nSatisfakce Praha<br \/>\nSme\u010dka Jihlava<br \/>\nSoumrak T\u0159eb\u00ed\u010d<br \/>\nSta\u0159\u00ed Prdi Brno<br \/>\nT.H.S Brzda\u0159i Olomouc<\/p>\n<p><strong>Fin\u00e1lov\u00e9 skupiny ve v\u00edt\u011bzn\u00e9m po\u0159ad\u00ed dle poroty<\/strong><br \/>\n1.B.P.T. Zl\u00edn<br \/>\n2.Ajeto Praha<br \/>\n3.G#zdi Ostrava<br \/>\n4.M\u0148au m\u0148au band Dobrovice<br \/>\n5.T.H.S. Brzda\u0159i<br \/>\n6.Louisiana comeback Hradec Kr\u00e1lov\u00e9<br \/>\n7.Satisfakce Praha<br \/>\n8.Sta\u0159\u00ed prdi Brno<br \/>\n9.Sme\u010dka Jihlava<\/p>\n<p><em><strong>Cena div\u00e1ka:<\/strong><\/em>T.H.S. Brzda\u0159i<\/p>\n<p>Nejlep\u0161\u00ed zp\u011bv\u00e1k (\u010dka): Sa\u0161a Nikl\u00ed\u010dkov\u00e1 (M\u0148au m\u0148au band)<br \/>\nNejlep\u0161\u00ed hudebn\u00edk: Radek Pelik\u00e1n (B.P.T. Zl\u00edn)<br \/>\nNejl\u00e9pe zahran\u00e1 p\u00edse\u0148 do 50. Let: B.P.T. Zl\u00edn \u2013 Mo\u0159e ho\u0161i<br \/>\nNejl\u00e9pe zahran\u00e1 p\u00edse\u0148 z\u00a0vlastn\u00ed tvorby:<br \/>\n1.Ajeto \u2013 Z\u00e1zem\u00ed<br \/>\n2.G#zdi \u2013 Bitva o Anglii<br \/>\n3.B. P. T. \u2013 J\u00e1 jedu d\u00e1l<\/p>\n<p><strong>Nejmlad\u0161\u00ed \u00fa\u010dastn\u00edk:<\/strong> Roz\u00e1rka Jedli\u010dkov\u00e1 (4 m\u011bs\u00edce), \u010cesk\u00e1 T\u0159ebov\u00e1<br \/>\n<strong>Nejstar\u0161\u00ed \u00fa\u010dastn\u00edk:<\/strong> Ji\u0159\u00ed P\u00ed\u010fa L\u00e1tal (skupina Sta\u0159\u00ed prdi)<br \/>\n<strong>Nejvzd\u00e1len\u011bj\u0161\u00ed \u00fa\u010dastn\u00edk:<\/strong> Gipsy a So\u0148a z\u00a0Ko\u0161ic<\/p>\n<p><strong>Konferenci\u00e9r p\u00e1tek:<\/strong> Ren\u00e9 &#8222;Racek&#8220; Matl\u00e1\u0161ek<br \/>\n<strong>Konferenci\u00e9r sobota:<\/strong>\u00a0Martin \u201eDrn\u201c N\u00fddr<\/p>\n<div id=\"maxgallery-9272\" class=\"mg-image-tiles borderless\">\t<div class=\"mg-thumbs mg-fivecol\">\t\t<ul><li>\t<a  href='https:\/\/www.severka.online\/wp-content\/uploads\/2024\/06\/01_hornijeleni_P5240038_s.jpg' target='' rel='mg-rel-image-thumbs' title=''>\t\t<div class=\"\"><img class=\"mg_lazy\" data-src=\"https:\/\/www.severka.online\/wp-content\/uploads\/2024\/06\/01_hornijeleni_P5240038_s-200x200.jpg\" width=\"200\" height=\"200\" alt=\"\" title=\"\" \/><noscript><img loading=\"lazy\" decoding=\"async\" src=\"https:\/\/www.severka.online\/wp-content\/uploads\/2024\/06\/01_hornijeleni_P5240038_s-200x200.jpg\" width=\"200\" height=\"200\" alt=\"\" \/><\/noscript>\t\t<\/div>\t<\/a><\/li><li>\t<a  href='https:\/\/www.severka.online\/wp-content\/uploads\/2024\/06\/02_hornijeleni_hudebni-totem_s.jpg' target='' rel='mg-rel-image-thumbs' title=''>\t\t<div class=\"\"><img class=\"mg_lazy\" data-src=\"https:\/\/www.severka.online\/wp-content\/uploads\/2024\/06\/02_hornijeleni_hudebni-totem_s-200x200.jpg\" width=\"200\" height=\"200\" alt=\"\" title=\"\" \/><noscript><img loading=\"lazy\" decoding=\"async\" src=\"https:\/\/www.severka.online\/wp-content\/uploads\/2024\/06\/02_hornijeleni_hudebni-totem_s-200x200.jpg\" width=\"200\" height=\"200\" alt=\"\" \/><\/noscript>\t\t<\/div>\t<\/a><\/li><li>\t<a  href='https:\/\/www.severka.online\/wp-content\/uploads\/2024\/06\/03_hornijeleni_hlediste_s.jpg' target='' rel='mg-rel-image-thumbs' title=''>\t\t<div class=\"\"><img class=\"mg_lazy\" data-src=\"https:\/\/www.severka.online\/wp-content\/uploads\/2024\/06\/03_hornijeleni_hlediste_s-200x200.jpg\" width=\"200\" height=\"200\" alt=\"\" title=\"\" \/><noscript><img loading=\"lazy\" decoding=\"async\" src=\"https:\/\/www.severka.online\/wp-content\/uploads\/2024\/06\/03_hornijeleni_hlediste_s-200x200.jpg\" width=\"200\" height=\"200\" alt=\"\" \/><\/noscript>\t\t<\/div>\t<\/a><\/li><li>\t<a  href='https:\/\/www.severka.online\/wp-content\/uploads\/2024\/06\/04_hornijeleni_malovane-placky-jako-ceny_s.jpg' target='' rel='mg-rel-image-thumbs' title=''>\t\t<div class=\"\"><img class=\"mg_lazy\" data-src=\"https:\/\/www.severka.online\/wp-content\/uploads\/2024\/06\/04_hornijeleni_malovane-placky-jako-ceny_s-200x200.jpg\" width=\"200\" height=\"200\" alt=\"\" title=\"\" \/><noscript><img loading=\"lazy\" decoding=\"async\" src=\"https:\/\/www.severka.online\/wp-content\/uploads\/2024\/06\/04_hornijeleni_malovane-placky-jako-ceny_s-200x200.jpg\" width=\"200\" height=\"200\" alt=\"\" \/><\/noscript>\t\t<\/div>\t<\/a><\/li><li>\t<a  href='https:\/\/www.severka.online\/wp-content\/uploads\/2024\/06\/05_hornijeleni_ohen_s.jpg' target='' rel='mg-rel-image-thumbs' title=''>\t\t<div class=\"\"><img class=\"mg_lazy\" data-src=\"https:\/\/www.severka.online\/wp-content\/uploads\/2024\/06\/05_hornijeleni_ohen_s-200x200.jpg\" width=\"200\" height=\"200\" alt=\"\" title=\"\" \/><noscript><img loading=\"lazy\" decoding=\"async\" src=\"https:\/\/www.severka.online\/wp-content\/uploads\/2024\/06\/05_hornijeleni_ohen_s-200x200.jpg\" width=\"200\" height=\"200\" alt=\"\" \/><\/noscript>\t\t<\/div>\t<\/a><\/li><li>\t<a  href='https:\/\/www.severka.online\/wp-content\/uploads\/2024\/06\/06_hornijeleni_ohnivak-Venca_s.jpg' target='' rel='mg-rel-image-thumbs' title=''>\t\t<div class=\"\"><img class=\"mg_lazy\" data-src=\"https:\/\/www.severka.online\/wp-content\/uploads\/2024\/06\/06_hornijeleni_ohnivak-Venca_s-200x200.jpg\" width=\"200\" height=\"200\" alt=\"\" title=\"ohniv&aacute;k Venca\" \/><noscript><img loading=\"lazy\" decoding=\"async\" src=\"https:\/\/www.severka.online\/wp-content\/uploads\/2024\/06\/06_hornijeleni_ohnivak-Venca_s-200x200.jpg\" width=\"200\" height=\"200\" alt=\"\" \/><\/noscript>\t\t<\/div>\t<\/a><\/li><li>\t<a  href='https:\/\/www.severka.online\/wp-content\/uploads\/2024\/06\/07_hornijeleni_porota_s.jpg' target='' rel='mg-rel-image-thumbs' title=''>\t\t<div class=\"\"><img class=\"mg_lazy\" data-src=\"https:\/\/www.severka.online\/wp-content\/uploads\/2024\/06\/07_hornijeleni_porota_s-200x200.jpg\" width=\"200\" height=\"200\" alt=\"\" title=\"porota\" \/><noscript><img loading=\"lazy\" decoding=\"async\" src=\"https:\/\/www.severka.online\/wp-content\/uploads\/2024\/06\/07_hornijeleni_porota_s-200x200.jpg\" width=\"200\" height=\"200\" alt=\"\" \/><\/noscript>\t\t<\/div>\t<\/a><\/li><li>\t<a  href='https:\/\/www.severka.online\/wp-content\/uploads\/2024\/06\/08_hornijeleni_B.P.T.-1.misto_s.jpg' target='' rel='mg-rel-image-thumbs' title=''>\t\t<div class=\"\"><img class=\"mg_lazy\" data-src=\"https:\/\/www.severka.online\/wp-content\/uploads\/2024\/06\/08_hornijeleni_B.P.T.-1.misto_s-200x200.jpg\" width=\"200\" height=\"200\" alt=\"\" title=\"B.P.T. - 1. miesto\" \/><noscript><img loading=\"lazy\" decoding=\"async\" src=\"https:\/\/www.severka.online\/wp-content\/uploads\/2024\/06\/08_hornijeleni_B.P.T.-1.misto_s-200x200.jpg\" width=\"200\" height=\"200\" alt=\"\" \/><\/noscript>\t\t<\/div>\t<\/a><\/li><li>\t<a  href='https:\/\/www.severka.online\/wp-content\/uploads\/2024\/06\/09_hornijeleni_Ajeto-2.misto_s.jpg' target='' rel='mg-rel-image-thumbs' title=''>\t\t<div class=\"\"><img class=\"mg_lazy\" data-src=\"https:\/\/www.severka.online\/wp-content\/uploads\/2024\/06\/09_hornijeleni_Ajeto-2.misto_s-200x200.jpg\" width=\"200\" height=\"200\" alt=\"\" title=\"Ajeto - 2. miesto\" \/><noscript><img loading=\"lazy\" decoding=\"async\" src=\"https:\/\/www.severka.online\/wp-content\/uploads\/2024\/06\/09_hornijeleni_Ajeto-2.misto_s-200x200.jpg\" width=\"200\" height=\"200\" alt=\"\" \/><\/noscript>\t\t<\/div>\t<\/a><\/li><li>\t<a  href='https:\/\/www.severka.online\/wp-content\/uploads\/2024\/06\/10_hornijeleni_Gzdi-3.misto_s.jpg' target='' rel='mg-rel-image-thumbs' title=''>\t\t<div class=\"\"><img class=\"mg_lazy\" data-src=\"https:\/\/www.severka.online\/wp-content\/uploads\/2024\/06\/10_hornijeleni_Gzdi-3.misto_s-200x200.jpg\" width=\"200\" height=\"200\" alt=\"\" title=\"G#zdi - 3. miesto\" \/><noscript><img loading=\"lazy\" decoding=\"async\" src=\"https:\/\/www.severka.online\/wp-content\/uploads\/2024\/06\/10_hornijeleni_Gzdi-3.misto_s-200x200.jpg\" width=\"200\" height=\"200\" alt=\"\" \/><\/noscript>\t\t<\/div>\t<\/a><\/li><li>\t<a  href='https:\/\/www.severka.online\/wp-content\/uploads\/2024\/06\/11_hornijeleni_Mnau-mnau-band-4.-misto_s.jpg' target='' rel='mg-rel-image-thumbs' title=''>\t\t<div class=\"\"><img class=\"mg_lazy\" data-src=\"https:\/\/www.severka.online\/wp-content\/uploads\/2024\/06\/11_hornijeleni_Mnau-mnau-band-4.-misto_s-200x200.jpg\" width=\"200\" height=\"200\" alt=\"\" title=\"M&#328;au m&#328;au band - 4. miesto\" \/><noscript><img loading=\"lazy\" decoding=\"async\" src=\"https:\/\/www.severka.online\/wp-content\/uploads\/2024\/06\/11_hornijeleni_Mnau-mnau-band-4.-misto_s-200x200.jpg\" width=\"200\" height=\"200\" alt=\"\" \/><\/noscript>\t\t<\/div>\t<\/a><\/li><li>\t<a  href='https:\/\/www.severka.online\/wp-content\/uploads\/2024\/06\/12_hornijeleni_Brzdari-5.misto_s.jpg' target='' rel='mg-rel-image-thumbs' title=''>\t\t<div class=\"\"><img class=\"mg_lazy\" data-src=\"https:\/\/www.severka.online\/wp-content\/uploads\/2024\/06\/12_hornijeleni_Brzdari-5.misto_s-200x200.jpg\" width=\"200\" height=\"200\" alt=\"\" title=\"Brzda&#345;i - 5. miesto\" \/><noscript><img loading=\"lazy\" decoding=\"async\" src=\"https:\/\/www.severka.online\/wp-content\/uploads\/2024\/06\/12_hornijeleni_Brzdari-5.misto_s-200x200.jpg\" width=\"200\" height=\"200\" alt=\"\" \/><\/noscript>\t\t<\/div>\t<\/a><\/li><li>\t<a  href='https:\/\/www.severka.online\/wp-content\/uploads\/2024\/06\/13_hornijeleni_ocenene-kapely-i-s-porotou_s.jpg' target='' rel='mg-rel-image-thumbs' title=''>\t\t<div class=\"\"><img class=\"mg_lazy\" data-src=\"https:\/\/www.severka.online\/wp-content\/uploads\/2024\/06\/13_hornijeleni_ocenene-kapely-i-s-porotou_s-200x200.jpg\" width=\"200\" height=\"200\" alt=\"\" title=\"ocen&#283;n&eacute; kapely i s porotou\" \/><noscript><img loading=\"lazy\" decoding=\"async\" src=\"https:\/\/www.severka.online\/wp-content\/uploads\/2024\/06\/13_hornijeleni_ocenene-kapely-i-s-porotou_s-200x200.jpg\" width=\"200\" height=\"200\" alt=\"\" \/><\/noscript>\t\t<\/div>\t<\/a><\/li><li>\t<a  href='https:\/\/www.severka.online\/wp-content\/uploads\/2024\/06\/14_hornijeleni_Chrpa-50_s.jpg' target='' rel='mg-rel-image-thumbs' title=''>\t\t<div class=\"\"><img class=\"mg_lazy\" data-src=\"https:\/\/www.severka.online\/wp-content\/uploads\/2024\/06\/14_hornijeleni_Chrpa-50_s-200x200.jpg\" width=\"200\" height=\"200\" alt=\"\" title=\"Chrpa 50\" \/><noscript><img loading=\"lazy\" decoding=\"async\" src=\"https:\/\/www.severka.online\/wp-content\/uploads\/2024\/06\/14_hornijeleni_Chrpa-50_s-200x200.jpg\" width=\"200\" height=\"200\" alt=\"\" \/><\/noscript>\t\t<\/div>\t<\/a><\/li><li>\t<a  href='https:\/\/www.severka.online\/wp-content\/uploads\/2024\/06\/15_hornijeleni_Nejstarsi-ucastnik-Stari-prdi_s.jpg' target='' rel='mg-rel-image-thumbs' title=''>\t\t<div class=\"\"><img class=\"mg_lazy\" data-src=\"https:\/\/www.severka.online\/wp-content\/uploads\/2024\/06\/15_hornijeleni_Nejstarsi-ucastnik-Stari-prdi_s-200x200.jpg\" width=\"200\" height=\"200\" alt=\"\" title=\"Najstar&scaron;&iacute; &uacute;&#269;astn&iacute;k - Sta&#345;&iacute; prdi\" \/><noscript><img loading=\"lazy\" decoding=\"async\" src=\"https:\/\/www.severka.online\/wp-content\/uploads\/2024\/06\/15_hornijeleni_Nejstarsi-ucastnik-Stari-prdi_s-200x200.jpg\" width=\"200\" height=\"200\" alt=\"\" \/><\/noscript>\t\t<\/div>\t<\/a><\/li><li>\t<a  href='https:\/\/www.severka.online\/wp-content\/uploads\/2024\/06\/16_hornijeleni_jiri-fred-jedlicka-70_s.jpg' target='' rel='mg-rel-image-thumbs' title=''>\t\t<div class=\"\"><img class=\"mg_lazy\" data-src=\"https:\/\/www.severka.online\/wp-content\/uploads\/2024\/06\/16_hornijeleni_jiri-fred-jedlicka-70_s-200x200.jpg\" width=\"200\" height=\"200\" alt=\"\" title=\"Ji&#345;&iacute; Fred Jedli&#269;ka (ma&#318;ba Pavel Blinka)\" \/><noscript><img loading=\"lazy\" decoding=\"async\" src=\"https:\/\/www.severka.online\/wp-content\/uploads\/2024\/06\/16_hornijeleni_jiri-fred-jedlicka-70_s-200x200.jpg\" width=\"200\" height=\"200\" alt=\"\" \/><\/noscript>\t\t<\/div>\t<\/a><\/li><li>\t<a  href='https:\/\/www.severka.online\/wp-content\/uploads\/2024\/06\/17_hornijeleni_Falesna-karta_s.jpg' target='' rel='mg-rel-image-thumbs' title=''>\t\t<div class=\"\"><img class=\"mg_lazy\" data-src=\"https:\/\/www.severka.online\/wp-content\/uploads\/2024\/06\/17_hornijeleni_Falesna-karta_s-200x200.jpg\" width=\"200\" height=\"200\" alt=\"\" title=\"Fale&scaron;n&aacute; karta\" \/><noscript><img loading=\"lazy\" decoding=\"async\" src=\"https:\/\/www.severka.online\/wp-content\/uploads\/2024\/06\/17_hornijeleni_Falesna-karta_s-200x200.jpg\" width=\"200\" height=\"200\" alt=\"\" \/><\/noscript>\t\t<\/div>\t<\/a><\/li><li>\t<a  href='https:\/\/www.severka.online\/wp-content\/uploads\/2024\/06\/18_hornijeleni_jam-session-s-Falesnou-kartou_s.jpg' target='' rel='mg-rel-image-thumbs' title=''>\t\t<div class=\"\"><img class=\"mg_lazy\" data-src=\"https:\/\/www.severka.online\/wp-content\/uploads\/2024\/06\/18_hornijeleni_jam-session-s-Falesnou-kartou_s-200x200.jpg\" width=\"200\" height=\"200\" alt=\"\" title=\"jam session s Fale&scaron;nou kartou\" \/><noscript><img loading=\"lazy\" decoding=\"async\" src=\"https:\/\/www.severka.online\/wp-content\/uploads\/2024\/06\/18_hornijeleni_jam-session-s-Falesnou-kartou_s-200x200.jpg\" width=\"200\" height=\"200\" alt=\"\" \/><\/noscript>\t\t<\/div>\t<\/a><\/li><li>\t<a  href='https:\/\/www.severka.online\/wp-content\/uploads\/2024\/06\/19_hornijeleni_stahovani-vlajky_s.jpg' target='' rel='mg-rel-image-thumbs' title=''>\t\t<div class=\"\"><img class=\"mg_lazy\" data-src=\"https:\/\/www.severka.online\/wp-content\/uploads\/2024\/06\/19_hornijeleni_stahovani-vlajky_s-200x200.jpg\" width=\"200\" height=\"200\" alt=\"\" title=\"s&#357;ahov&aacute;nie vlajky\" \/><noscript><img loading=\"lazy\" decoding=\"async\" src=\"https:\/\/www.severka.online\/wp-content\/uploads\/2024\/06\/19_hornijeleni_stahovani-vlajky_s-200x200.jpg\" width=\"200\" height=\"200\" alt=\"\" \/><\/noscript>\t\t<\/div>\t<\/a><\/li>\t\t<\/ul>\t\t<div class=\"clear\"><\/div>\t<\/div>\t<span style=\"display: none;\" class=\"hidden-image-tiles-gallery-id\">9272<\/span>\t<span style=\"display: none;\" class=\"hidden-lightbox-skin\">none<\/span>\t<span style=\"display: none;\" class=\"hidden-lightbox-effect\">none<\/span>\t<span style=\"display: none;\" class=\"hidden-lightbox-kb-nav\">true<\/span>\t<span style=\"display: none;\" class=\"hidden-lightbox-img-click-close\">true<\/span>\t<span style=\"display: none;\" class=\"hidden-lightbox-ol-click-close\">true<\/span>\t<span style=\"display: none;\" class=\"hidden-lightbox-close-tip-text\">Close<\/span>\t<span style=\"display: none;\" class=\"hidden-lightbox-next-tip-text\">Next<\/span>\t<span style=\"display: none;\" class=\"hidden-lightbox-prev-tip-text\">Previous<\/span>\t<span style=\"display: none;\" class=\"hidden-lightbox-error-tip-text\">The requested content cannot be loaded. Please try again later.<\/span><\/div><script>\ndocument.addEventListener(\"DOMContentLoaded\", function(event) { \njQuery(\"img.mg_lazy\").lazyload({threshold : 1});\n});\n<\/script>\n\n","protected":false},"excerpt":{"rendered":"<p>48. ro\u010dn\u00edk Festivalu trampsk\u00fdch p\u00edsn\u00ed prob\u011bhl ve dnech 24. \u2013 26. 5. 2024. Trampsk\u00fd B\u016fh na\u0161t\u011bst\u00ed nedopustil, aby na\u0161e n\u011bkolikam\u011bs\u00ed\u010dn\u00ed organiza\u010dn\u00ed \u00fasil\u00ed bylo zma\u0159eno \u0161patn\u00fdm po\u010das\u00edm. I d\u00edky tomu m\u016f\u017eeme zhodnotit, \u017ee n\u00e1v\u0161t\u011bvnost naplnila na\u0161e o\u010dek\u00e1v\u00e1n\u00ed. T\u011b\u0161\u00ed n\u00e1s, \u017ee m\u00e1me svoji tradi\u010dn\u00ed div\u00e1ckou z\u00e1kladnu a na festivalu se ka\u017ed\u00fd rok potk\u00e1v\u00e1me se zn\u00e1m\u00fdmi tv\u00e1\u0159emi, kter\u00e9 sem jezd\u00ed n\u011bkolik let, n\u011bkdy i des\u00edtky. Mezi div\u00e1ky jsme uv\u00edtali i\u00a0n\u011bkter\u00e9 zn\u00e1m\u00e9 osobnosti trampsk\u00e9ho sv\u011bta a moc si v\u00e1\u017e\u00edme n\u00e1v\u0161t\u011bvy i slovensk\u00fdch poslucha\u010d\u016f tohoto \u017e\u00e1nru (nejvzd\u00e1len\u011bj\u0161\u00ed \u00fa\u010dastn\u00edk byl z\u00a0Ko\u0161ic). Za \u00fa\u010delem zv\u011bt\u0161en\u00ed hledi\u0161t\u011b jsme letos provedli drobn\u00e9 prostorov\u00e9 zm\u011bny, kter\u00e9 byly n\u00e1v\u0161t\u011bvn\u00edky kvitov\u00e1ny. I&#8230;<\/p>\n<p> <a class=\"continue-reading-link\" href=\"https:\/\/www.severka.online\/index.php\/2024\/06\/13\/48-rocnik-festivalu-trampskych-pisni\/\"><span>Pokra\u010dovanie \u010dl\u00e1nku<\/span><i class=\"crycon-right-dir\"><\/i><\/a> <\/p>\n","protected":false},"author":1,"featured_media":9250,"comment_status":"closed","ping_status":"closed","sticky":false,"template":"","format":"standard","meta":{"footnotes":""},"categories":[2],"tags":[35],"class_list":["post-9270","post","type-post","status-publish","format-standard","has-post-thumbnail","hentry","category-akcie","tag-hudba"],"_links":{"self":[{"href":"https:\/\/www.severka.online\/index.php\/wp-json\/wp\/v2\/posts\/9270","targetHints":{"allow":["GET"]}}],"collection":[{"href":"https:\/\/www.severka.online\/index.php\/wp-json\/wp\/v2\/posts"}],"about":[{"href":"https:\/\/www.severka.online\/index.php\/wp-json\/wp\/v2\/types\/post"}],"author":[{"embeddable":true,"href":"https:\/\/www.severka.online\/index.php\/wp-json\/wp\/v2\/users\/1"}],"replies":[{"embeddable":true,"href":"https:\/\/www.severka.online\/index.php\/wp-json\/wp\/v2\/comments?post=9270"}],"version-history":[{"count":2,"href":"https:\/\/www.severka.online\/index.php\/wp-json\/wp\/v2\/posts\/9270\/revisions"}],"predecessor-version":[{"id":9273,"href":"https:\/\/www.severka.online\/index.php\/wp-json\/wp\/v2\/posts\/9270\/revisions\/9273"}],"wp:featuredmedia":[{"embeddable":true,"href":"https:\/\/www.severka.online\/index.php\/wp-json\/wp\/v2\/media\/9250"}],"wp:attachment":[{"href":"https:\/\/www.severka.online\/index.php\/wp-json\/wp\/v2\/media?parent=9270"}],"wp:term":[{"taxonomy":"category","embeddable":true,"href":"https:\/\/www.severka.online\/index.php\/wp-json\/wp\/v2\/categories?post=9270"},{"taxonomy":"post_tag","embeddable":true,"href":"https:\/\/www.severka.online\/index.php\/wp-json\/wp\/v2\/tags?post=9270"}],"curies":[{"name":"wp","href":"https:\/\/api.w.org\/{rel}","templated":true}]}}